{"id":1063,"date":"2015-06-30T00:23:15","date_gmt":"2015-06-29T22:23:15","guid":{"rendered":"http:\/\/www.noctivagos.com\/?p=1063"},"modified":"2016-06-21T08:29:09","modified_gmt":"2016-06-21T06:29:09","slug":"laminimal-teatre","status":"publish","type":"post","link":"https:\/\/www.noctivagos.com\/?p=1063","title":{"rendered":"LAminimAL Teatre"},"content":{"rendered":"<p><strong>PRESENTACI\u00d3N<\/strong><\/p>\n<p>\u201cLa Supervivencia de las Luci\u00e9rnagas\u201d, es la \u00faltima producci\u00f3n de LAminimAL Teatre. La obra, creada y dirigida<\/p>\n<p>por Daniela De Vecchi a partir de textos de Jos\u00e9 Sanch\u00eds Sinisterra, Juan Mayorga e inspirada en los \u00faltimos<\/p>\n<p>escritos de Pasolini se estren\u00f3 en Junio del 2014 en el Festival Fringe de Madrid con gran \u00e9xito de p\u00fablico y<\/p>\n<p>cr\u00edtica. El proyecto nace en Noviembre del 2013 en el Teatre Tantarantana de Barcelona y posteriormente es<\/p>\n<p>acogido en el Programa de Apoyo a la Creaci\u00f3n de FiraT\u00e0rrega donde gana su forma definitiva.<\/p>\n<p>El espect\u00e1culo propone un viaje a 1975, momento de la Transici\u00f3n Democr\u00e1tica Espa\u00f1ola y lo revisa a trav\u00e9s de<\/p>\n<p>los ojos de la generaci\u00f3n de los hijos y nietos de esta, actualizando la mirada y activando la memoria de aquel<\/p>\n<p>momento hist\u00f3rico tan importante. Es una obra din\u00e1mica que propone un teatro de proximidad -ya distintivo de<\/p>\n<p>LAminimAL- en el que espectadores y actores comparten el mismo espacio y convergen en un di\u00e1logo que crea y<\/p>\n<p>aviva la escena.<\/p>\n<p>&nbsp;<\/p>\n<p>Se ha podido ver en este \u00faltimo a\u00f1o en los Festivales m\u00e1s prestigiosos de Teatro de Catalu\u00f1a y Espa\u00f1a: Fringe<\/p>\n<p>Madrid, Festival Grec, FiraT\u00e0rrega y Festival Temporada Alta. Y para finalizar el a\u00f1o se podr\u00e1 ver durante<\/p>\n<p>navidades en temporada en el Teatre Romea de Barcelona.<\/p>\n<p>&nbsp;<\/p>\n<p>Del espect\u00e1culo se ha dicho: \u201c10 interpretaciones extremadamente cercanas y convincentes, divertidas,<\/p>\n<p>amargas, tiernas, inocentes&#8230; La obra es cr\u00edtica\u00a0desde la iron\u00eda. Combina el humor con las frases inquietantes&#8230;<\/p>\n<p>(Toni Polo, eldiario.es)\u201d o \u201cLa Supervivencia de las Luci\u00e9rnagas es la bomba de T\u00e0rrega&#8230;\u201d (Pep Vila, Catalunya<\/p>\n<p>Es la segunda parte de la Trilog\u00eda que empieza en 2013 con el estreno de \u201cEl Suicidio del Elefante Hipotecado<\/p>\n<p>\u201c-que recientemente ha hecho su segunda temporada en Barcelona en La Seca Espai Brossa- y terminar\u00e1<\/p>\n<p>con \u201cBabilonia y los animales del Apocalipsis\u201d actualmente en proceso de creaci\u00f3n, con estreno previsto para<\/p>\n<p>\u201cLa Supervivencia de las Luci\u00e9rnagas\u201d es un espect\u00e1culo creado para adaptar-se a diferentes espacios y se<\/p>\n<p>ha visto tanto en escenarios de teatros convencionales, como en lofts, salas di\u00e1fanas, silos y antiguas f\u00e1bricas<\/p>\n<p>abandonadas. Ahora, en esta temporada, ocupa todos los espacios del majestuoso Teatro Romea.<\/p>\n<p><img data-recalc-dims=\"1\" loading=\"lazy\" decoding=\"async\" data-attachment-id=\"1065\" data-permalink=\"https:\/\/www.noctivagos.com\/?attachment_id=1065\" data-orig-file=\"https:\/\/i0.wp.com\/www.noctivagos.com\/wp-content\/uploads\/2015\/06\/LAminimAL.jpg?fit=2672%2C1728&amp;ssl=1\" data-orig-size=\"2672,1728\" data-comments-opened=\"1\" data-image-meta=\"{&quot;aperture&quot;:&quot;3.2&quot;,&quot;credit&quot;:&quot;&quot;,&quot;camera&quot;:&quot;Canon EOS 5D Mark II&quot;,&quot;caption&quot;:&quot;&quot;,&quot;created_timestamp&quot;:&quot;1410649762&quot;,&quot;copyright&quot;:&quot;&quot;,&quot;focal_length&quot;:&quot;70&quot;,&quot;iso&quot;:&quot;2500&quot;,&quot;shutter_speed&quot;:&quot;0.016666666666667&quot;,&quot;title&quot;:&quot;&quot;,&quot;orientation&quot;:&quot;1&quot;}\" data-image-title=\"LAminimAL\" data-image-description=\"\" data-image-caption=\"\" data-large-file=\"https:\/\/i0.wp.com\/www.noctivagos.com\/wp-content\/uploads\/2015\/06\/LAminimAL.jpg?fit=1024%2C662&amp;ssl=1\" class=\"aligncenter wp-image-1065 size-large\" src=\"https:\/\/i0.wp.com\/noctivagos.com\/wp-content\/uploads\/2015\/06\/LAminimAL-1024x662.jpg?resize=1024%2C662\" alt=\"LAminimAL\" width=\"1024\" height=\"662\" srcset=\"https:\/\/i0.wp.com\/www.noctivagos.com\/wp-content\/uploads\/2015\/06\/LAminimAL.jpg?resize=1024%2C662&amp;ssl=1 1024w, https:\/\/i0.wp.com\/www.noctivagos.com\/wp-content\/uploads\/2015\/06\/LAminimAL.jpg?resize=150%2C97&amp;ssl=1 150w, https:\/\/i0.wp.com\/www.noctivagos.com\/wp-content\/uploads\/2015\/06\/LAminimAL.jpg?resize=300%2C194&amp;ssl=1 300w, https:\/\/i0.wp.com\/www.noctivagos.com\/wp-content\/uploads\/2015\/06\/LAminimAL.jpg?resize=110%2C70&amp;ssl=1 110w, https:\/\/i0.wp.com\/www.noctivagos.com\/wp-content\/uploads\/2015\/06\/LAminimAL.jpg?w=2000&amp;ssl=1 2000w\" sizes=\"auto, (max-width: 1000px) 100vw, 1000px\" \/><\/p>\n<p><strong>LA SUPERVIVENCIA DE LAS LUCI\u00c9RNAGAS<\/strong><\/p>\n<p>A\u00f1o 1975, diez personas escondidas en la oscuridad de su soledad, ofuscadas entre las luces y las sombras<\/p>\n<p>de este momento hist\u00f3rico. Diez recorridos distintos por el pasado, cada uno de ellos para un selecto grupo<\/p>\n<p>de espectadores, que seguir\u00e1n los personajes hasta establecer enlaces con nuestra actualidad. Distintas<\/p>\n<p>perspectivas de una misma historia, distintas realidades par una sola sociedad, distintas sociedades en las que<\/p>\n<p>intentar sobrevivir.<\/p>\n<p>LAminimAL propone un viaje a nuestro pasado reciente, al de transici\u00f3n democr\u00e1tica espa\u00f1ola, para<\/p>\n<p>respondernos la pregunta: \u00bfqu\u00e9 queda de nuestra luz en los momentos de cambio? \u00bfC\u00f3mo nos afectan las<\/p>\n<p>sombras de nuestra historia? Nos anima as\u00ed a brindar por la resistencia del \u201chombre-luci\u00e9rnaga\u201d, aqu\u00e9l capaz de<\/p>\n<p>sobrevivir a los shows pol\u00edticos, a los plat\u00f3s de televisi\u00f3n y a los estadios de f\u00fatbol. Por un instante de excepci\u00f3n<\/p>\n<p>actores y p\u00fablico, tendremos oportunidad de volvernos luci\u00e9rnaga y convertirnos en seres luminiscentes,<\/p>\n<p>danzantes, err\u00e1ticos e inaprensibles.<\/p>\n<p>Esta propuesta invita a pensar sobre el lugar del teatro en la sociedad, su inserci\u00f3n en la topograf\u00eda -real<\/p>\n<p>y simb\u00f3lica- de la ciudad y alrededor del espacio que cada uno ocupa en ella. Durante el espect\u00e1culo, los<\/p>\n<p>asistentes son conducidos a trav\u00e9s de un itinerario que los hace transitar de un ambiente \u00edntimo a un espacio<\/p>\n<p>colectivo -una taberna, un \u00c1gora, un paisaje urbano- que funciona como escenario de la acci\u00f3n y lugar de<\/p>\n<p>reflexi\u00f3n. Concebida para un espacio donde la barrera entre escenario y gradas no existe, el p\u00fablico pasea<\/p>\n<p>por diferentes escenas compartiendo copas de cava y celebrando con los actores que les hablan a pocos<\/p>\n<p>cent\u00edmetros de distancia. Se trata de una experiencia teatral integradora, pensada para transformar las<\/p>\n<p>peque\u00f1as islas de espacios \u00edntimos en un gran archipi\u00e9lago donde conviven en un espacio com\u00fan.<\/p>\n<p>&nbsp;<\/p>\n<p><strong>LAMINIMAL<\/strong><\/p>\n<p>El octubre de 2010 se aglutina por primera vez el equipo de LAminimAL Teatre, de la mano de Daniela De Vecchi<\/p>\n<p>en calidad de grupo de investigaci\u00f3n teatral en residencia en la Sala Beckett. Desde entonces hasta junio de<\/p>\n<p>2011, LAminimAL realiza laboratorios mensuales en el Obrador Internacional de Dramaturgia de la Sala Beckett<\/p>\n<p>que culminan con sesiones abiertas, mediante las cuales se ha podido contrastar con el p\u00fablico asistente el<\/p>\n<p>proceso de desarrollo de la po\u00e9tica del grupo.<\/p>\n<p>El espect\u00e1culo \u201cEsperando Algo\u201d -obra breve de J. S. Sinisterra\u2013 se ha presentado en varios festivales y muestras<\/p>\n<p>de Barcelona como Caldera Obert11, el XII Seminario Acad\u00e9mico de Investigaci\u00f3n Internacional, dentro del<\/p>\n<p>festival Temporada Off en Girona y en 2012 en el Festival Nunoff de Barcelona.<\/p>\n<p>En Marzo de 2013 estrena \u201cEl suicidio del Elefante hipotecado\u201d, espect\u00e1culo que inaugura el nuevo espacio<\/p>\n<p>\u00c0tic22 del Teatre Tantarantana con \u00e9xito de p\u00fablico y cr\u00edtica -espect\u00e1culo que en 2014 ha vuelto a cartelera en<\/p>\n<p>La Seca &#8211; Espai Brossa ratificando su gran aceptaci\u00f3n-. A\u00fan en 2013 en la Sala Beckett estrena \u201cMi\u00e9rcoles\u201d, de<\/p>\n<p>Aina Tur y para cerrar el a\u00f1o con otro \u00e9xito de taquilla estrena dela \u201cLa Grandeza de ser uno m\u00e1s del mont\u00f3n\u201d, de<\/p>\n<p>David Eudave en la Sala Atrium dentro del ciclo Atrium LAB.<\/p>\n<p>En Julio de 2014 entrena \u201cLa supervivencia de las Luci\u00e9rnagas\u201d en el Festival Fringe Madrid. El espect\u00e1culo<\/p>\n<p>tambi\u00e9n se ha podido ver en el Festival Grec, en FiraT\u00e0rrega 2014 y en el Festival Temporada Alta. A partir de<\/p>\n<p>diciembre empieza temporada en el Teatre Romea de Barcelona.<\/p>\n<p>Para la temporada 2014\/2015 est\u00e1 previsto el estreno de \u201cBabilonia y los animales del Apocalipsis\u201d cerrando as\u00ed<\/p>\n<p>la trilog\u00eda \u201cHacer que suene una flor\u201d .<\/p>\n<p>&nbsp;<\/p>\n<p>P\u00fablico: Adulto<\/p>\n<p>Pases: S\u00e1bado a las 22:!5 y 00:45 en el Castillo Medieval<\/p>\n<p>Web:\u00a0<a href=\"http:\/\/www.laminimalteatre.com\/\">www.laminimalteatre.com\/<\/a><\/p>\n<p>Video:\u00a0<a href=\"http:\/\/www.vimeo.com\/laminimal\">http:\/\/www.vimeo.com\/laminimal<\/a><\/p>\n","protected":false},"excerpt":{"rendered":"<div class=\"mh-excerpt\"><p>PRESENTACI\u00d3N \u201cLa Supervivencia de las Luci\u00e9rnagas\u201d, es la \u00faltima producci\u00f3n de LAminimAL Teatre. La obra, creada y dirigida por Daniela De Vecchi a partir de <a class=\"mh-excerpt-more\" href=\"https:\/\/www.noctivagos.com\/?p=1063\" title=\"LAminimAL Teatre\">[&#8230;]<\/a><\/p>\n<\/div>","protected":false},"author":1,"featured_media":1065,"comment_status":"open","ping_status":"open","sticky":false,"template":"","format":"standard","meta":{"_jetpack_memberships_contains_paid_content":false,"footnotes":"","jetpack_publicize_message":"","jetpack_publicize_feature_enabled":true,"jetpack_social_post_already_shared":true,"jetpack_social_options":{"image_generator_settings":{"template":"highway","default_image_id":0,"font":"","enabled":false},"version":2}},"categories":[36,4,42],"tags":[],"class_list":["post-1063","post","type-post","status-publish","format-standard","has-post-thumbnail","hentry","category-companias","category-noctivagos-2015","category-otras-ediciones"],"jetpack_publicize_connections":[],"jetpack_featured_media_url":"https:\/\/i0.wp.com\/www.noctivagos.com\/wp-content\/uploads\/2015\/06\/LAminimAL.jpg?fit=2672%2C1728&ssl=1","jetpack_shortlink":"https:\/\/wp.me\/p6myW9-h9","jetpack_sharing_enabled":true,"_links":{"self":[{"href":"https:\/\/www.noctivagos.com\/index.php?rest_route=\/wp\/v2\/posts\/1063","targetHints":{"allow":["GET"]}}],"collection":[{"href":"https:\/\/www.noctivagos.com\/index.php?rest_route=\/wp\/v2\/posts"}],"about":[{"href":"https:\/\/www.noctivagos.com\/index.php?rest_route=\/wp\/v2\/types\/post"}],"author":[{"embeddable":true,"href":"https:\/\/www.noctivagos.com\/index.php?rest_route=\/wp\/v2\/users\/1"}],"replies":[{"embeddable":true,"href":"https:\/\/www.noctivagos.com\/index.php?rest_route=%2Fwp%2Fv2%2Fcomments&post=1063"}],"version-history":[{"count":1,"href":"https:\/\/www.noctivagos.com\/index.php?rest_route=\/wp\/v2\/posts\/1063\/revisions"}],"predecessor-version":[{"id":1066,"href":"https:\/\/www.noctivagos.com\/index.php?rest_route=\/wp\/v2\/posts\/1063\/revisions\/1066"}],"wp:featuredmedia":[{"embeddable":true,"href":"https:\/\/www.noctivagos.com\/index.php?rest_route=\/wp\/v2\/media\/1065"}],"wp:attachment":[{"href":"https:\/\/www.noctivagos.com\/index.php?rest_route=%2Fwp%2Fv2%2Fmedia&parent=1063"}],"wp:term":[{"taxonomy":"category","embeddable":true,"href":"https:\/\/www.noctivagos.com\/index.php?rest_route=%2Fwp%2Fv2%2Fcategories&post=1063"},{"taxonomy":"post_tag","embeddable":true,"href":"https:\/\/www.noctivagos.com\/index.php?rest_route=%2Fwp%2Fv2%2Ftags&post=1063"}],"curies":[{"name":"wp","href":"https:\/\/api.w.org\/{rel}","templated":true}]}}