{"id":2451,"date":"2023-05-29T16:16:56","date_gmt":"2023-05-29T14:16:56","guid":{"rendered":"https:\/\/www.noctivagos.com\/?p=2451"},"modified":"2023-06-19T18:10:10","modified_gmt":"2023-06-19T16:10:10","slug":"el-faro-de-los-colores-minivagos","status":"publish","type":"post","link":"https:\/\/www.noctivagos.com\/?p=2451","title":{"rendered":"EL FARO DE LOS COLORES. MIN\u00cdVAGOS."},"content":{"rendered":"\n<p class=\"has-background\" style=\"background-color:#fade12\"><strong>COMPA\u00d1\u00cdA<\/strong>: \u00d1as teatro.<\/p>\n\n\n\n<p class=\"has-background\" style=\"background-color:#fade12\"><strong>ORGIEN<\/strong>: Madrid.<\/p>\n\n\n\n<p class=\"has-background\" style=\"background-color:#fade12\"><strong>DIRECCI\u00d3N<\/strong>: \u00d1as teatro.<\/p>\n\n\n\n<p class=\"has-background\" style=\"background-color:#fade12\"><strong>INT\u00c9RPRETES<\/strong>: Paula Portilla y Manolo Carretero.<\/p>\n\n\n\n<p class=\"has-background\" style=\"background-color:#fade12\"><strong>AUTOR<\/strong>: \u00d1as teatro.<\/p>\n\n\n\n<p class=\"has-background\" style=\"background-color:#fade12\"><strong>DURACI\u00d3N<\/strong>: 55 minutos.<\/p>\n\n\n\n<p class=\"has-background\" style=\"background-color:#fade12\"><strong>P\u00daBLICO<\/strong>: Familiar.<\/p>\n\n\n\n<p class=\"has-medium-font-size\"><strong>SINOPSIS<\/strong><\/p>\n\n\n\n<p>Una antigua leyenda cuenta que en una isla muy lejana exist\u00eda un maravilloso faro cuya luz dejaba de funcionar sin saber muy bien el por qu\u00e9. Dej\u00e1ndose llevar de su imaginaci\u00f3n la protagonista se embarcar\u00e1 en un viaje lleno de aventuras d\u00f3nde tendr\u00e1 que enfrentarse con sus propias emociones: el miedo, la ira, la alegr\u00eda, la tristeza le acompa\u00f1aran en su traves\u00eda. Personajes reales se mezclan con otros m\u00e1s fantasiosos en una colorida puesta en escena donde descubriremos el mayor tesoro del mundo: conocerse uno mismo.<\/p>\n\n\n\n<p class=\"has-medium-font-size\"><strong>COMPA\u00d1IA<\/strong><\/p>\n\n\n\n<p>\u00d1AS TEATRO es una empresa cultural de Artes esc\u00e9nicas formada por Paula Portilla y Manolo Carretero dirigida a p\u00fablico infantil y familiar desde la primera infancia. Realizamos diferentes espect\u00e1culos sensoriales y de t\u00edteres, con un lenguaje sencillo y una cuidada puesta en escena. Nuestra manera de crear y contar historias es bastante artesanal y apostamos por producciones propias. Sentimos la necesidad de compartir nuestro arte y sensibilidad ofreciendo toda nuestra experiencia sin m\u00e1s pretensi\u00f3n que la de acercarnos a ese mundo sutil y maravilloso como lo es el de la infancia: Un universo lleno de estrellas que brillan cada d\u00eda para llenarnos de renovada energ\u00eda.<\/p>\n","protected":false},"excerpt":{"rendered":"<div class=\"mh-excerpt\"><p>COMPA\u00d1\u00cdA: \u00d1as teatro. ORGIEN: Madrid. DIRECCI\u00d3N: \u00d1as teatro. INT\u00c9RPRETES: Paula Portilla y Manolo Carretero. AUTOR: \u00d1as teatro. DURACI\u00d3N: 55 minutos. P\u00daBLICO: Familiar. SINOPSIS Una antigua <a class=\"mh-excerpt-more\" href=\"https:\/\/www.noctivagos.com\/?p=2451\" title=\"EL FARO DE LOS COLORES. MIN\u00cdVAGOS.\">[&#8230;]<\/a><\/p>\n<\/div>","protected":false},"author":4,"featured_media":2509,"comment_status":"closed","ping_status":"closed","sticky":false,"template":"","format":"standard","meta":{"_jetpack_memberships_contains_paid_content":false,"footnotes":"","jetpack_publicize_message":"","jetpack_publicize_feature_enabled":true,"jetpack_social_post_already_shared":false,"jetpack_social_options":{"image_generator_settings":{"template":"highway","default_image_id":0,"font":"","enabled":false},"version":2}},"categories":[83,70,98],"tags":[109,108,112,110,111,102],"class_list":["post-2451","post","type-post","status-publish","format-standard","has-post-thumbnail","hentry","category-83","category-noctivagos-2023","category-obras-2023","tag-1900-h","tag-casa-de-la-cultura","tag-familiar","tag-infantil","tag-minivagos","tag-sabado-01-2023"],"jetpack_publicize_connections":[],"jetpack_featured_media_url":"https:\/\/i0.wp.com\/www.noctivagos.com\/wp-content\/uploads\/2023\/05\/faro.webp?fit=800%2C533&ssl=1","jetpack_shortlink":"https:\/\/wp.me\/p6myW9-Dx","jetpack_sharing_enabled":true,"_links":{"self":[{"href":"https:\/\/www.noctivagos.com\/index.php?rest_route=\/wp\/v2\/posts\/2451","targetHints":{"allow":["GET"]}}],"collection":[{"href":"https:\/\/www.noctivagos.com\/index.php?rest_route=\/wp\/v2\/posts"}],"about":[{"href":"https:\/\/www.noctivagos.com\/index.php?rest_route=\/wp\/v2\/types\/post"}],"author":[{"embeddable":true,"href":"https:\/\/www.noctivagos.com\/index.php?rest_route=\/wp\/v2\/users\/4"}],"replies":[{"embeddable":true,"href":"https:\/\/www.noctivagos.com\/index.php?rest_route=%2Fwp%2Fv2%2Fcomments&post=2451"}],"version-history":[{"count":3,"href":"https:\/\/www.noctivagos.com\/index.php?rest_route=\/wp\/v2\/posts\/2451\/revisions"}],"predecessor-version":[{"id":2513,"href":"https:\/\/www.noctivagos.com\/index.php?rest_route=\/wp\/v2\/posts\/2451\/revisions\/2513"}],"wp:featuredmedia":[{"embeddable":true,"href":"https:\/\/www.noctivagos.com\/index.php?rest_route=\/wp\/v2\/media\/2509"}],"wp:attachment":[{"href":"https:\/\/www.noctivagos.com\/index.php?rest_route=%2Fwp%2Fv2%2Fmedia&parent=2451"}],"wp:term":[{"taxonomy":"category","embeddable":true,"href":"https:\/\/www.noctivagos.com\/index.php?rest_route=%2Fwp%2Fv2%2Fcategories&post=2451"},{"taxonomy":"post_tag","embeddable":true,"href":"https:\/\/www.noctivagos.com\/index.php?rest_route=%2Fwp%2Fv2%2Ftags&post=2451"}],"curies":[{"name":"wp","href":"https:\/\/api.w.org\/{rel}","templated":true}]}}