{"id":2511,"date":"2023-06-07T21:32:21","date_gmt":"2023-06-07T19:32:21","guid":{"rendered":"https:\/\/www.noctivagos.com\/?p=2511"},"modified":"2023-06-13T22:35:00","modified_gmt":"2023-06-13T20:35:00","slug":"escenario-casa-de-la-cultura","status":"publish","type":"post","link":"https:\/\/www.noctivagos.com\/?p=2511","title":{"rendered":"ESCENARIO CASA DE LA CULTURA"},"content":{"rendered":"<p>En esta edici\u00f3n de 2.023, para mejorar la experiencia del los m\u00e1s peque\u00f1os (y de sus familias), utilizaremos, como nuevo espacio, la Casa de la Cultura, para representar la obra de <em>Min\u00edvagos<\/em>: <em>El Faro de los colores<\/em>, de <em>\u00d1as teatro<\/em>.\u00a0<\/p>\n<p>Es un escenario recogido, \u00edntimo, y bien acondicionado y climatizado, que permitir\u00e1 disfrutar de la experiencia del teatro con total comodidad, a mayores y peque\u00f1os, sin pasar calor en la tarde veraniega del s\u00e1bado, pudiendo contar con el aire acondicionado del sal\u00f3n de actos, de nuestra querida Casa de la cultura.<\/p>\n<p>Os animamos a que acompa\u00f1\u00e9is a vuestras hijas e hijos, para disfrutar y crecer divirti\u00e9ndose, con teatro infantil de calidad.\u00a0<\/p>\n<p>\u00a0<\/p>\n<p>\u00a0<\/p>\n\n\n<figure class=\"wp-block-image size-large\"><img data-recalc-dims=\"1\" loading=\"lazy\" decoding=\"async\" width=\"1024\" height=\"653\" data-attachment-id=\"2540\" data-permalink=\"https:\/\/www.noctivagos.com\/?attachment_id=2540\" data-orig-file=\"https:\/\/i0.wp.com\/www.noctivagos.com\/wp-content\/uploads\/2023\/05\/p1dcm5c89q189f38ehj9181lv0s4.jpg?fit=1286%2C820&amp;ssl=1\" data-orig-size=\"1286,820\" data-comments-opened=\"1\" data-image-meta=\"{&quot;aperture&quot;:&quot;0&quot;,&quot;credit&quot;:&quot;&quot;,&quot;camera&quot;:&quot;&quot;,&quot;caption&quot;:&quot;&quot;,&quot;created_timestamp&quot;:&quot;0&quot;,&quot;copyright&quot;:&quot;&quot;,&quot;focal_length&quot;:&quot;0&quot;,&quot;iso&quot;:&quot;0&quot;,&quot;shutter_speed&quot;:&quot;0&quot;,&quot;title&quot;:&quot;&quot;,&quot;orientation&quot;:&quot;0&quot;}\" data-image-title=\"p1dcm5c89q189f38ehj9181lv0s4\" data-image-description=\"\" data-image-caption=\"\" data-large-file=\"https:\/\/i0.wp.com\/www.noctivagos.com\/wp-content\/uploads\/2023\/05\/p1dcm5c89q189f38ehj9181lv0s4.jpg?fit=1024%2C653&amp;ssl=1\" src=\"https:\/\/i0.wp.com\/www.noctivagos.com\/wp-content\/uploads\/2023\/05\/p1dcm5c89q189f38ehj9181lv0s4.jpg?resize=1024%2C653&#038;ssl=1\" alt=\"\" class=\"wp-image-2540\" srcset=\"https:\/\/i0.wp.com\/www.noctivagos.com\/wp-content\/uploads\/2023\/05\/p1dcm5c89q189f38ehj9181lv0s4.jpg?resize=1024%2C653&amp;ssl=1 1024w, https:\/\/i0.wp.com\/www.noctivagos.com\/wp-content\/uploads\/2023\/05\/p1dcm5c89q189f38ehj9181lv0s4.jpg?resize=300%2C191&amp;ssl=1 300w, https:\/\/i0.wp.com\/www.noctivagos.com\/wp-content\/uploads\/2023\/05\/p1dcm5c89q189f38ehj9181lv0s4.jpg?resize=150%2C96&amp;ssl=1 150w, https:\/\/i0.wp.com\/www.noctivagos.com\/wp-content\/uploads\/2023\/05\/p1dcm5c89q189f38ehj9181lv0s4.jpg?resize=768%2C490&amp;ssl=1 768w, https:\/\/i0.wp.com\/www.noctivagos.com\/wp-content\/uploads\/2023\/05\/p1dcm5c89q189f38ehj9181lv0s4.jpg?w=1286&amp;ssl=1 1286w\" sizes=\"auto, (max-width: 1000px) 100vw, 1000px\" \/><\/figure>\n","protected":false},"excerpt":{"rendered":"<div class=\"mh-excerpt\"><p>En esta edici\u00f3n de 2.023, para mejorar la experiencia del los m\u00e1s peque\u00f1os (y de sus familias), utilizaremos, como nuevo espacio, la Casa de la <a class=\"mh-excerpt-more\" href=\"https:\/\/www.noctivagos.com\/?p=2511\" title=\"ESCENARIO CASA DE LA CULTURA\">[&#8230;]<\/a><\/p>\n<\/div>","protected":false},"author":4,"featured_media":2597,"comment_status":"closed","ping_status":"closed","sticky":false,"template":"","format":"image","meta":{"_jetpack_memberships_contains_paid_content":false,"footnotes":"","jetpack_publicize_message":"","jetpack_publicize_feature_enabled":true,"jetpack_social_post_already_shared":false,"jetpack_social_options":{"image_generator_settings":{"template":"highway","default_image_id":0,"font":"","enabled":false},"version":2}},"categories":[83,76,40,70],"tags":[108,77,111,78],"class_list":["post-2511","post","type-post","status-publish","format-image","has-post-thumbnail","hentry","category-83","category-escenarios","category-espacios","category-noctivagos-2023","tag-casa-de-la-cultura","tag-escenarios","tag-minivagos","tag-noctivagos-2023","post_format-post-format-image"],"jetpack_publicize_connections":[],"jetpack_featured_media_url":"https:\/\/i0.wp.com\/www.noctivagos.com\/wp-content\/uploads\/2023\/06\/Casadelacultura-640w-e1686086655265.webp?fit=640%2C305&ssl=1","jetpack_shortlink":"https:\/\/wp.me\/p6myW9-Ev","jetpack_sharing_enabled":true,"_links":{"self":[{"href":"https:\/\/www.noctivagos.com\/index.php?rest_route=\/wp\/v2\/posts\/2511","targetHints":{"allow":["GET"]}}],"collection":[{"href":"https:\/\/www.noctivagos.com\/index.php?rest_route=\/wp\/v2\/posts"}],"about":[{"href":"https:\/\/www.noctivagos.com\/index.php?rest_route=\/wp\/v2\/types\/post"}],"author":[{"embeddable":true,"href":"https:\/\/www.noctivagos.com\/index.php?rest_route=\/wp\/v2\/users\/4"}],"replies":[{"embeddable":true,"href":"https:\/\/www.noctivagos.com\/index.php?rest_route=%2Fwp%2Fv2%2Fcomments&post=2511"}],"version-history":[{"count":4,"href":"https:\/\/www.noctivagos.com\/index.php?rest_route=\/wp\/v2\/posts\/2511\/revisions"}],"predecessor-version":[{"id":2608,"href":"https:\/\/www.noctivagos.com\/index.php?rest_route=\/wp\/v2\/posts\/2511\/revisions\/2608"}],"wp:featuredmedia":[{"embeddable":true,"href":"https:\/\/www.noctivagos.com\/index.php?rest_route=\/wp\/v2\/media\/2597"}],"wp:attachment":[{"href":"https:\/\/www.noctivagos.com\/index.php?rest_route=%2Fwp%2Fv2%2Fmedia&parent=2511"}],"wp:term":[{"taxonomy":"category","embeddable":true,"href":"https:\/\/www.noctivagos.com\/index.php?rest_route=%2Fwp%2Fv2%2Fcategories&post=2511"},{"taxonomy":"post_tag","embeddable":true,"href":"https:\/\/www.noctivagos.com\/index.php?rest_route=%2Fwp%2Fv2%2Ftags&post=2511"}],"curies":[{"name":"wp","href":"https:\/\/api.w.org\/{rel}","templated":true}]}}