{"id":2763,"date":"2023-06-19T18:00:31","date_gmt":"2023-06-19T16:00:31","guid":{"rendered":"https:\/\/www.noctivagos.com\/?p=2763"},"modified":"2023-06-19T18:04:56","modified_gmt":"2023-06-19T16:04:56","slug":"la-kimera-teatro","status":"publish","type":"post","link":"https:\/\/www.noctivagos.com\/?p=2763","title":{"rendered":"LA KIMERA TEATRO"},"content":{"rendered":"\n<p><strong>OBRA<\/strong>: La Llamaban Tula.<\/p>\n\n\n\n<p><strong>ORGIEN<\/strong>: Madrid.<\/p>\n\n\n\n<p><strong>DIRECCI\u00d3N<\/strong>: Miguel Rasc\u00f3n.<\/p>\n\n\n\n<p><strong>INT\u00c9RPRETES<\/strong>: H\u00e9ctor Gonz\u00e1lez y Ana del Toro.<\/p>\n\n\n\n<p><strong>AUTOR<\/strong>: Miguel Rasc\u00f3n.<\/p>\n\n\n\n<p><strong>DURACI\u00d3N<\/strong>: 60 minutos.<\/p>\n\n\n\n<p><strong>P\u00daBLICO<\/strong>: + 12 a\u00f1os.<\/p>\n\n\n\n<p><strong>G\u00c9NERO<\/strong>: Drama Rom\u00e1ntico Hist\u00f3rico<\/p>\n\n\n\n<p><strong>PROGRAMACI\u00d3N<\/strong>: S\u00e1bado 1 julio. Paseo Alto. 22:15 H y 00:45 H<\/p>\n\n\n\n<p><strong>COMPA\u00d1IA<\/strong><\/p>\n\n\n\n<p><strong><em>La Kimera Teatro<\/em><\/strong><strong> <\/strong>nace en 2010 de la mano de cuatro j\u00f3venes que se encuentran en Madrid, y tras finalizar sus estudios de arte dram\u00e1tico.<\/p>\n\n\n\n<p>Mucho ha sucedido desde entonces hasta llegar a La Llamaban Tula.&nbsp; Con su primer montaje son seleccionados para participar en el XX Festival Don Quijote de Par\u00eds, Francia, y m\u00e1s tarde llegar\u00edan plazas tan emblem\u00e1ticas como el Festival Internacional de Almagro, Centro Niemeyer de Avil\u00e9s, el Teatro Real Carlos III de Aranjuez, el Principal de Palencia, el Teatro Lara de Madrid y un largo etc. con t\u00edtulos como De Finea y Nise, Bajarse al Moro, Cuerdas, RACLETTE, o Follow Calderona con la que consiguen ser finalistas de los Premios MAX 2020.<\/p>\n\n\n\n<p>La compa\u00f1\u00eda, en constante movimiento, bebe de las nuevas y las viejas<\/p>\n\n\n\n<p>tecnolog\u00edas y de todo lo que les ha tocado vivir como <em>millenials<\/em> tard\u00edos,<\/p>\n\n\n\n<p>nacidos en mediados de los 80 y en plena pubertad con el cambio de siglo. La Kimera Teatro nace tambi\u00e9n de las ganas de crear y de sumergirse de lleno en la investigaci\u00f3n de nuevas y viejas historias que trasladar a la audiencia.<\/p>\n","protected":false},"excerpt":{"rendered":"<div class=\"mh-excerpt\"><p>OBRA: La Llamaban Tula. ORGIEN: Madrid. DIRECCI\u00d3N: Miguel Rasc\u00f3n. INT\u00c9RPRETES: H\u00e9ctor Gonz\u00e1lez y Ana del Toro. AUTOR: Miguel Rasc\u00f3n. DURACI\u00d3N: 60 minutos. P\u00daBLICO: + 12 <a class=\"mh-excerpt-more\" href=\"https:\/\/www.noctivagos.com\/?p=2763\" title=\"LA KIMERA TEATRO\">[&#8230;]<\/a><\/p>\n<\/div>","protected":false},"author":4,"featured_media":2499,"comment_status":"closed","ping_status":"closed","sticky":false,"template":"","format":"standard","meta":{"_jetpack_memberships_contains_paid_content":false,"footnotes":"","jetpack_publicize_message":"","jetpack_publicize_feature_enabled":true,"jetpack_social_post_already_shared":true,"jetpack_social_options":{"image_generator_settings":{"template":"highway","default_image_id":0,"font":"","enabled":false},"version":2}},"categories":[83,36,131,70],"tags":[107,106,122,113,105,102],"class_list":["post-2763","post","type-post","status-publish","format-standard","has-post-thumbnail","hentry","category-83","category-companias","category-companias-2023","category-noctivagos-2023","tag-0045-h","tag-2215-h","tag-drama-romantico-historico","tag-mayores-12-anos","tag-paseo-alto","tag-sabado-01-2023"],"jetpack_publicize_connections":[],"jetpack_featured_media_url":"https:\/\/i0.wp.com\/www.noctivagos.com\/wp-content\/uploads\/2023\/05\/ana-del-toro-y-hector-gonzalez.png?fit=1366%2C768&ssl=1","jetpack_shortlink":"https:\/\/wp.me\/p6myW9-Iz","jetpack_sharing_enabled":true,"_links":{"self":[{"href":"https:\/\/www.noctivagos.com\/index.php?rest_route=\/wp\/v2\/posts\/2763","targetHints":{"allow":["GET"]}}],"collection":[{"href":"https:\/\/www.noctivagos.com\/index.php?rest_route=\/wp\/v2\/posts"}],"about":[{"href":"https:\/\/www.noctivagos.com\/index.php?rest_route=\/wp\/v2\/types\/post"}],"author":[{"embeddable":true,"href":"https:\/\/www.noctivagos.com\/index.php?rest_route=\/wp\/v2\/users\/4"}],"replies":[{"embeddable":true,"href":"https:\/\/www.noctivagos.com\/index.php?rest_route=%2Fwp%2Fv2%2Fcomments&post=2763"}],"version-history":[{"count":1,"href":"https:\/\/www.noctivagos.com\/index.php?rest_route=\/wp\/v2\/posts\/2763\/revisions"}],"predecessor-version":[{"id":2764,"href":"https:\/\/www.noctivagos.com\/index.php?rest_route=\/wp\/v2\/posts\/2763\/revisions\/2764"}],"wp:featuredmedia":[{"embeddable":true,"href":"https:\/\/www.noctivagos.com\/index.php?rest_route=\/wp\/v2\/media\/2499"}],"wp:attachment":[{"href":"https:\/\/www.noctivagos.com\/index.php?rest_route=%2Fwp%2Fv2%2Fmedia&parent=2763"}],"wp:term":[{"taxonomy":"category","embeddable":true,"href":"https:\/\/www.noctivagos.com\/index.php?rest_route=%2Fwp%2Fv2%2Fcategories&post=2763"},{"taxonomy":"post_tag","embeddable":true,"href":"https:\/\/www.noctivagos.com\/index.php?rest_route=%2Fwp%2Fv2%2Ftags&post=2763"}],"curies":[{"name":"wp","href":"https:\/\/api.w.org\/{rel}","templated":true}]}}