{"id":2785,"date":"2023-06-21T21:51:07","date_gmt":"2023-06-21T19:51:07","guid":{"rendered":"https:\/\/www.noctivagos.com\/?p=2785"},"modified":"2023-06-21T22:01:40","modified_gmt":"2023-06-21T20:01:40","slug":"presentacion-del-libro-una-tarde-para-olvidar","status":"publish","type":"post","link":"https:\/\/www.noctivagos.com\/?p=2785","title":{"rendered":"PRESENTACI\u00d3N DEL LIBRO: UNA TARDE PARA OLVIDAR"},"content":{"rendered":"\n<p>Dentro del entorno del  I Festival Noct\u00edvagos se va a presentar al P\u00fablico esta novela de Fernando Sanz Otero.<\/p>\n\n\n\n<p>Noct\u00edvagos organiza el evento y contar\u00e1 con la presencia de algunos de sus miembros en la presentaci\u00f3n.<\/p>\n\n\n\n<p style=\"text-transform:capitalize\">LUGAR: <strong>Punto de Informaci\u00f3n y Turismo Oropesa<\/strong><\/p>\n\n\n\n<p>FECHA Y HORA: <strong>S\u00e1bado 24 de junio a las 19:00 h.<\/strong><\/p>\n\n\n\n<p>No dud\u00e9is en asistir para conocer detalles sobre esta interesante novela y su escritor, contados por Fernando personalmente. Los beneficios obtenidos por la venta de ejemplares ir\u00e1n destinados a la Hermandad Nuestra Se\u00f1ora de Pe\u00f1itas.<\/p>\n\n\n\n<p><\/p>\n\n\n\n<figure class=\"wp-block-image size-large\"><img data-recalc-dims=\"1\" height=\"1024\" width=\"724\" decoding=\"async\" data-attachment-id=\"2786\" data-permalink=\"https:\/\/www.noctivagos.com\/?attachment_id=2786\" data-orig-file=\"https:\/\/i0.wp.com\/www.noctivagos.com\/wp-content\/uploads\/2023\/06\/PRESENTACION-TARDE-PARA-OLVIDAR24773-e1687376810102.jpg?fit=1587%2C819&amp;ssl=1\" data-orig-size=\"1587,819\" data-comments-opened=\"1\" data-image-meta=\"{&quot;aperture&quot;:&quot;0&quot;,&quot;credit&quot;:&quot;&quot;,&quot;camera&quot;:&quot;&quot;,&quot;caption&quot;:&quot;&quot;,&quot;created_timestamp&quot;:&quot;0&quot;,&quot;copyright&quot;:&quot;&quot;,&quot;focal_length&quot;:&quot;0&quot;,&quot;iso&quot;:&quot;0&quot;,&quot;shutter_speed&quot;:&quot;0&quot;,&quot;title&quot;:&quot;&quot;,&quot;orientation&quot;:&quot;1&quot;}\" data-image-title=\"PRESENTACION-TARDE-PARA-OLVIDAR24773\" data-image-description=\"\" data-image-caption=\"\" data-large-file=\"https:\/\/i0.wp.com\/www.noctivagos.com\/wp-content\/uploads\/2023\/06\/PRESENTACION-TARDE-PARA-OLVIDAR24773-e1687376810102.jpg?fit=1024%2C528&amp;ssl=1\" src=\"https:\/\/i0.wp.com\/www.noctivagos.com\/wp-content\/uploads\/2023\/06\/PRESENTACION-TARDE-PARA-OLVIDAR24773.jpg?resize=724%2C1024&#038;ssl=1\" alt=\"\" class=\"wp-image-2786\"\/><\/figure>\n","protected":false},"excerpt":{"rendered":"<div class=\"mh-excerpt\"><p>Dentro del entorno del I Festival Noct\u00edvagos se va a presentar al P\u00fablico esta novela de Fernando Sanz Otero. Noct\u00edvagos organiza el evento y contar\u00e1 <a class=\"mh-excerpt-more\" href=\"https:\/\/www.noctivagos.com\/?p=2785\" title=\"PRESENTACI\u00d3N DEL LIBRO: UNA TARDE PARA OLVIDAR\">[&#8230;]<\/a><\/p>\n<\/div>","protected":false},"author":4,"featured_media":2786,"comment_status":"closed","ping_status":"closed","sticky":true,"template":"","format":"standard","meta":{"_jetpack_memberships_contains_paid_content":false,"footnotes":"","jetpack_publicize_message":"","jetpack_publicize_feature_enabled":true,"jetpack_social_post_already_shared":true,"jetpack_social_options":{"image_generator_settings":{"template":"highway","default_image_id":0,"font":"","enabled":false},"version":2}},"categories":[4],"tags":[],"class_list":["post-2785","post","type-post","status-publish","format-standard","has-post-thumbnail","hentry","category-noctivagos-2015"],"jetpack_publicize_connections":[],"jetpack_featured_media_url":"https:\/\/i0.wp.com\/www.noctivagos.com\/wp-content\/uploads\/2023\/06\/PRESENTACION-TARDE-PARA-OLVIDAR24773-e1687376810102.jpg?fit=1587%2C819&ssl=1","jetpack_shortlink":"https:\/\/wp.me\/p6myW9-IV","jetpack_sharing_enabled":true,"_links":{"self":[{"href":"https:\/\/www.noctivagos.com\/index.php?rest_route=\/wp\/v2\/posts\/2785","targetHints":{"allow":["GET"]}}],"collection":[{"href":"https:\/\/www.noctivagos.com\/index.php?rest_route=\/wp\/v2\/posts"}],"about":[{"href":"https:\/\/www.noctivagos.com\/index.php?rest_route=\/wp\/v2\/types\/post"}],"author":[{"embeddable":true,"href":"https:\/\/www.noctivagos.com\/index.php?rest_route=\/wp\/v2\/users\/4"}],"replies":[{"embeddable":true,"href":"https:\/\/www.noctivagos.com\/index.php?rest_route=%2Fwp%2Fv2%2Fcomments&post=2785"}],"version-history":[{"count":2,"href":"https:\/\/www.noctivagos.com\/index.php?rest_route=\/wp\/v2\/posts\/2785\/revisions"}],"predecessor-version":[{"id":2788,"href":"https:\/\/www.noctivagos.com\/index.php?rest_route=\/wp\/v2\/posts\/2785\/revisions\/2788"}],"wp:featuredmedia":[{"embeddable":true,"href":"https:\/\/www.noctivagos.com\/index.php?rest_route=\/wp\/v2\/media\/2786"}],"wp:attachment":[{"href":"https:\/\/www.noctivagos.com\/index.php?rest_route=%2Fwp%2Fv2%2Fmedia&parent=2785"}],"wp:term":[{"taxonomy":"category","embeddable":true,"href":"https:\/\/www.noctivagos.com\/index.php?rest_route=%2Fwp%2Fv2%2Fcategories&post=2785"},{"taxonomy":"post_tag","embeddable":true,"href":"https:\/\/www.noctivagos.com\/index.php?rest_route=%2Fwp%2Fv2%2Ftags&post=2785"}],"curies":[{"name":"wp","href":"https:\/\/api.w.org\/{rel}","templated":true}]}}