{"id":2960,"date":"2023-07-08T16:04:01","date_gmt":"2023-07-08T14:04:01","guid":{"rendered":"https:\/\/www.noctivagos.com\/?p=2960"},"modified":"2023-07-14T09:21:27","modified_gmt":"2023-07-14T07:21:27","slug":"exponoctivagos-la-comarca","status":"publish","type":"post","link":"https:\/\/www.noctivagos.com\/?p=2960","title":{"rendered":"EXPONOCT\u00cdVAGOS LA COMARCA"},"content":{"rendered":"\n<p class=\"has-medium-font-size wp-block-paragraph\">EX\u00cdTO EN LA INAUGURACI\u00d3N DE LA EXPOSICI\u00d3N DE \u00abLA COMARCA\u00bb<\/p>\n\n\n\n<div style=\"height:111px\" aria-hidden=\"true\" class=\"wp-block-spacer\"><\/div>\n\n\n\n<p class=\"has-text-align-justify wp-block-paragraph\">El viernes siete de julio se produjo la inauguraci\u00f3n de la exposici\u00f3n de La Comarca. Dicha exposici\u00f3n ha sido organizada por Noct\u00edvagos dentro del entorno del I Festival De Teatro En La Calle.<\/p>\n\n\n\n<figure class=\"wp-block-image size-large\"><img data-recalc-dims=\"1\" loading=\"lazy\" decoding=\"async\" width=\"1024\" height=\"724\" data-attachment-id=\"2965\" data-permalink=\"https:\/\/www.noctivagos.com\/?attachment_id=2965\" data-orig-file=\"https:\/\/i0.wp.com\/www.noctivagos.com\/wp-content\/uploads\/2023\/07\/cartelxexpobisoklow.jpg?fit=1240%2C877&amp;ssl=1\" data-orig-size=\"1240,877\" data-comments-opened=\"0\" data-image-meta=\"{&quot;aperture&quot;:&quot;0&quot;,&quot;credit&quot;:&quot;&quot;,&quot;camera&quot;:&quot;&quot;,&quot;caption&quot;:&quot;&quot;,&quot;created_timestamp&quot;:&quot;0&quot;,&quot;copyright&quot;:&quot;&quot;,&quot;focal_length&quot;:&quot;0&quot;,&quot;iso&quot;:&quot;0&quot;,&quot;shutter_speed&quot;:&quot;0&quot;,&quot;title&quot;:&quot;&quot;,&quot;orientation&quot;:&quot;0&quot;}\" data-image-title=\"cartelxexpobisoklow\" data-image-description=\"\" data-image-caption=\"\" data-large-file=\"https:\/\/i0.wp.com\/www.noctivagos.com\/wp-content\/uploads\/2023\/07\/cartelxexpobisoklow.jpg?fit=1024%2C724&amp;ssl=1\" src=\"https:\/\/i0.wp.com\/www.noctivagos.com\/wp-content\/uploads\/2023\/07\/cartelxexpobisoklow.jpg?resize=1024%2C724&#038;ssl=1\" alt=\"\" class=\"wp-image-2965\" srcset=\"https:\/\/i0.wp.com\/www.noctivagos.com\/wp-content\/uploads\/2023\/07\/cartelxexpobisoklow.jpg?resize=1024%2C724&amp;ssl=1 1024w, https:\/\/i0.wp.com\/www.noctivagos.com\/wp-content\/uploads\/2023\/07\/cartelxexpobisoklow.jpg?resize=300%2C212&amp;ssl=1 300w, https:\/\/i0.wp.com\/www.noctivagos.com\/wp-content\/uploads\/2023\/07\/cartelxexpobisoklow.jpg?resize=150%2C106&amp;ssl=1 150w, https:\/\/i0.wp.com\/www.noctivagos.com\/wp-content\/uploads\/2023\/07\/cartelxexpobisoklow.jpg?resize=768%2C543&amp;ssl=1 768w, https:\/\/i0.wp.com\/www.noctivagos.com\/wp-content\/uploads\/2023\/07\/cartelxexpobisoklow.jpg?w=1240&amp;ssl=1 1240w\" sizes=\"auto, (max-width: 1000px) 100vw, 1000px\" \/><figcaption class=\"wp-element-caption\">Cartel de la exposici\u00f3n.<\/figcaption><\/figure>\n\n\n\n<p class=\"has-text-align-justify wp-block-paragraph\">El Ayuntamiento de Oropesa ha cedido las instalaciones del Punto de Informaci\u00f3n Tur\u00edstica para la instalaci\u00f3n de la exposici\u00f3n.<\/p>\n\n\n\n<figure class=\"wp-block-image size-large\"><img data-recalc-dims=\"1\" loading=\"lazy\" decoding=\"async\" width=\"1024\" height=\"768\" data-attachment-id=\"2963\" data-permalink=\"https:\/\/www.noctivagos.com\/?attachment_id=2963\" data-orig-file=\"https:\/\/i0.wp.com\/www.noctivagos.com\/wp-content\/uploads\/2023\/07\/IMG-20230708-WA0033.jpg?fit=1600%2C1200&amp;ssl=1\" data-orig-size=\"1600,1200\" data-comments-opened=\"0\" data-image-meta=\"{&quot;aperture&quot;:&quot;0&quot;,&quot;credit&quot;:&quot;&quot;,&quot;camera&quot;:&quot;&quot;,&quot;caption&quot;:&quot;&quot;,&quot;created_timestamp&quot;:&quot;0&quot;,&quot;copyright&quot;:&quot;&quot;,&quot;focal_length&quot;:&quot;0&quot;,&quot;iso&quot;:&quot;0&quot;,&quot;shutter_speed&quot;:&quot;0&quot;,&quot;title&quot;:&quot;&quot;,&quot;orientation&quot;:&quot;0&quot;}\" data-image-title=\"IMG-20230708-WA0033\" data-image-description=\"\" data-image-caption=\"\" data-large-file=\"https:\/\/i0.wp.com\/www.noctivagos.com\/wp-content\/uploads\/2023\/07\/IMG-20230708-WA0033.jpg?fit=1024%2C768&amp;ssl=1\" src=\"https:\/\/i0.wp.com\/www.noctivagos.com\/wp-content\/uploads\/2023\/07\/IMG-20230708-WA0033.jpg?resize=1024%2C768&#038;ssl=1\" alt=\"\" class=\"wp-image-2963\" srcset=\"https:\/\/i0.wp.com\/www.noctivagos.com\/wp-content\/uploads\/2023\/07\/IMG-20230708-WA0033.jpg?resize=1024%2C768&amp;ssl=1 1024w, https:\/\/i0.wp.com\/www.noctivagos.com\/wp-content\/uploads\/2023\/07\/IMG-20230708-WA0033.jpg?resize=300%2C225&amp;ssl=1 300w, https:\/\/i0.wp.com\/www.noctivagos.com\/wp-content\/uploads\/2023\/07\/IMG-20230708-WA0033.jpg?resize=150%2C113&amp;ssl=1 150w, https:\/\/i0.wp.com\/www.noctivagos.com\/wp-content\/uploads\/2023\/07\/IMG-20230708-WA0033.jpg?resize=768%2C576&amp;ssl=1 768w, https:\/\/i0.wp.com\/www.noctivagos.com\/wp-content\/uploads\/2023\/07\/IMG-20230708-WA0033.jpg?resize=1536%2C1152&amp;ssl=1 1536w, https:\/\/i0.wp.com\/www.noctivagos.com\/wp-content\/uploads\/2023\/07\/IMG-20230708-WA0033.jpg?resize=678%2C509&amp;ssl=1 678w, https:\/\/i0.wp.com\/www.noctivagos.com\/wp-content\/uploads\/2023\/07\/IMG-20230708-WA0033.jpg?resize=326%2C245&amp;ssl=1 326w, https:\/\/i0.wp.com\/www.noctivagos.com\/wp-content\/uploads\/2023\/07\/IMG-20230708-WA0033.jpg?resize=80%2C60&amp;ssl=1 80w, https:\/\/i0.wp.com\/www.noctivagos.com\/wp-content\/uploads\/2023\/07\/IMG-20230708-WA0033.jpg?w=1600&amp;ssl=1 1600w\" sizes=\"auto, (max-width: 1000px) 100vw, 1000px\" \/><\/figure>\n\n\n\n<p class=\"has-text-align-justify wp-block-paragraph\">Han colaborado los pueblos de la comarca. Alca\u00f1izo, Caleruela, Calzada, Herreruela, Lagartera, Oropesa, Torralba, Torrico, Puente del Arzobispo y Valdeverdeja son todos los pueblos que han contribuido con mucho inter\u00e9s con esta exposici\u00f3n. Gran cantidad de im\u00e1genes y objetos relacionados con su folklore y tradiciones, han sido ubicados en la misma.<\/p>\n\n\n\n<p class=\"has-text-align-justify wp-block-paragraph\">El acto de apertura comenz\u00f3 con una canci\u00f3n de Los Morochos, interpretada por Rosa Aguado, Gloria Pino y Jes\u00fas Pino, integrantes de Noct\u00edvagos; dedicada a la Espa\u00f1a Rural.<\/p>\n\n\n\n<figure class=\"wp-block-image size-large\"><img data-recalc-dims=\"1\" loading=\"lazy\" decoding=\"async\" width=\"1024\" height=\"768\" data-attachment-id=\"2962\" data-permalink=\"https:\/\/www.noctivagos.com\/?attachment_id=2962\" data-orig-file=\"https:\/\/i0.wp.com\/www.noctivagos.com\/wp-content\/uploads\/2023\/07\/IMG-20230708-WA0032.jpg?fit=1600%2C1200&amp;ssl=1\" data-orig-size=\"1600,1200\" data-comments-opened=\"0\" data-image-meta=\"{&quot;aperture&quot;:&quot;0&quot;,&quot;credit&quot;:&quot;&quot;,&quot;camera&quot;:&quot;&quot;,&quot;caption&quot;:&quot;&quot;,&quot;created_timestamp&quot;:&quot;0&quot;,&quot;copyright&quot;:&quot;&quot;,&quot;focal_length&quot;:&quot;0&quot;,&quot;iso&quot;:&quot;0&quot;,&quot;shutter_speed&quot;:&quot;0&quot;,&quot;title&quot;:&quot;&quot;,&quot;orientation&quot;:&quot;0&quot;}\" data-image-title=\"IMG-20230708-WA0032\" data-image-description=\"\" data-image-caption=\"\" data-large-file=\"https:\/\/i0.wp.com\/www.noctivagos.com\/wp-content\/uploads\/2023\/07\/IMG-20230708-WA0032.jpg?fit=1024%2C768&amp;ssl=1\" src=\"https:\/\/i0.wp.com\/www.noctivagos.com\/wp-content\/uploads\/2023\/07\/IMG-20230708-WA0032.jpg?resize=1024%2C768&#038;ssl=1\" alt=\"\" class=\"wp-image-2962\" srcset=\"https:\/\/i0.wp.com\/www.noctivagos.com\/wp-content\/uploads\/2023\/07\/IMG-20230708-WA0032.jpg?resize=1024%2C768&amp;ssl=1 1024w, https:\/\/i0.wp.com\/www.noctivagos.com\/wp-content\/uploads\/2023\/07\/IMG-20230708-WA0032.jpg?resize=300%2C225&amp;ssl=1 300w, https:\/\/i0.wp.com\/www.noctivagos.com\/wp-content\/uploads\/2023\/07\/IMG-20230708-WA0032.jpg?resize=150%2C113&amp;ssl=1 150w, https:\/\/i0.wp.com\/www.noctivagos.com\/wp-content\/uploads\/2023\/07\/IMG-20230708-WA0032.jpg?resize=768%2C576&amp;ssl=1 768w, https:\/\/i0.wp.com\/www.noctivagos.com\/wp-content\/uploads\/2023\/07\/IMG-20230708-WA0032.jpg?resize=1536%2C1152&amp;ssl=1 1536w, https:\/\/i0.wp.com\/www.noctivagos.com\/wp-content\/uploads\/2023\/07\/IMG-20230708-WA0032.jpg?resize=678%2C509&amp;ssl=1 678w, https:\/\/i0.wp.com\/www.noctivagos.com\/wp-content\/uploads\/2023\/07\/IMG-20230708-WA0032.jpg?resize=326%2C245&amp;ssl=1 326w, https:\/\/i0.wp.com\/www.noctivagos.com\/wp-content\/uploads\/2023\/07\/IMG-20230708-WA0032.jpg?resize=80%2C60&amp;ssl=1 80w, https:\/\/i0.wp.com\/www.noctivagos.com\/wp-content\/uploads\/2023\/07\/IMG-20230708-WA0032.jpg?w=1600&amp;ssl=1 1600w\" sizes=\"auto, (max-width: 1000px) 100vw, 1000px\" \/><\/figure>\n\n\n\n<p class=\"has-text-align-justify wp-block-paragraph\">A continuaci\u00f3n Jes\u00fas Pino, en representaci\u00f3n de Noct\u00edvagos, dedic\u00f3 unas palabras a los asistentes. Con posterioridad hicieron uso de la palabra: el Delegado de La junta de Castilla La mancha, David Gonz\u00e1lez y el Alcalde de Oropesa, Rub\u00e9n Zapardiel. Tras ellos, fueron interviniendo sin orden establecido, los alcaldes y alcaldesas de los pueblos representados. En l\u00edneas generales, todos agradecieron a Noct\u00edvagos y al Ayuntamiento de Oropesa, la organizaci\u00f3n de la exposici\u00f3n. En la mayor\u00eda de los parlamentos se enumeraron las costumbres y folklore de cada una de sus localidades haciendo una gran exposici\u00f3n de los valores de la Comarca. El resumen global fue de gran aceptaci\u00f3n y un comienzo de algo m\u00e1s grande.<\/p>\n\n\n\n<figure class=\"wp-block-image size-large\"><img data-recalc-dims=\"1\" loading=\"lazy\" decoding=\"async\" width=\"1024\" height=\"577\" data-attachment-id=\"3059\" data-permalink=\"https:\/\/www.noctivagos.com\/?attachment_id=3059\" data-orig-file=\"https:\/\/i0.wp.com\/www.noctivagos.com\/wp-content\/uploads\/2023\/07\/357710155_2854775924659895_3895634022571005548_n.jpg?fit=2048%2C1153&amp;ssl=1\" data-orig-size=\"2048,1153\" data-comments-opened=\"0\" data-image-meta=\"{&quot;aperture&quot;:&quot;0&quot;,&quot;credit&quot;:&quot;&quot;,&quot;camera&quot;:&quot;&quot;,&quot;caption&quot;:&quot;&quot;,&quot;created_timestamp&quot;:&quot;0&quot;,&quot;copyright&quot;:&quot;&quot;,&quot;focal_length&quot;:&quot;0&quot;,&quot;iso&quot;:&quot;0&quot;,&quot;shutter_speed&quot;:&quot;0&quot;,&quot;title&quot;:&quot;&quot;,&quot;orientation&quot;:&quot;0&quot;}\" data-image-title=\"357710155_2854775924659895_3895634022571005548_n\" data-image-description=\"\" data-image-caption=\"\" data-large-file=\"https:\/\/i0.wp.com\/www.noctivagos.com\/wp-content\/uploads\/2023\/07\/357710155_2854775924659895_3895634022571005548_n.jpg?fit=1024%2C577&amp;ssl=1\" src=\"https:\/\/i0.wp.com\/www.noctivagos.com\/wp-content\/uploads\/2023\/07\/357710155_2854775924659895_3895634022571005548_n.jpg?resize=1024%2C577&#038;ssl=1\" alt=\"\" class=\"wp-image-3059\" srcset=\"https:\/\/i0.wp.com\/www.noctivagos.com\/wp-content\/uploads\/2023\/07\/357710155_2854775924659895_3895634022571005548_n.jpg?resize=1024%2C577&amp;ssl=1 1024w, https:\/\/i0.wp.com\/www.noctivagos.com\/wp-content\/uploads\/2023\/07\/357710155_2854775924659895_3895634022571005548_n.jpg?resize=300%2C169&amp;ssl=1 300w, https:\/\/i0.wp.com\/www.noctivagos.com\/wp-content\/uploads\/2023\/07\/357710155_2854775924659895_3895634022571005548_n.jpg?resize=150%2C84&amp;ssl=1 150w, https:\/\/i0.wp.com\/www.noctivagos.com\/wp-content\/uploads\/2023\/07\/357710155_2854775924659895_3895634022571005548_n.jpg?resize=768%2C432&amp;ssl=1 768w, https:\/\/i0.wp.com\/www.noctivagos.com\/wp-content\/uploads\/2023\/07\/357710155_2854775924659895_3895634022571005548_n.jpg?resize=1536%2C865&amp;ssl=1 1536w, https:\/\/i0.wp.com\/www.noctivagos.com\/wp-content\/uploads\/2023\/07\/357710155_2854775924659895_3895634022571005548_n.jpg?resize=678%2C381&amp;ssl=1 678w, https:\/\/i0.wp.com\/www.noctivagos.com\/wp-content\/uploads\/2023\/07\/357710155_2854775924659895_3895634022571005548_n.jpg?w=2048&amp;ssl=1 2048w\" sizes=\"auto, (max-width: 1000px) 100vw, 1000px\" \/><figcaption class=\"wp-element-caption\">Autoridades asistentes al Acto<\/figcaption><\/figure>\n\n\n\n<p class=\"has-text-align-justify wp-block-paragraph\">Tras el acto, se agasaj\u00f3 a los asistentes con un \u00e1gape de dulces t\u00edpicos, tostones y limonada, ofrecido por Noct\u00edvagos.<\/p>\n\n\n\n<p class=\"wp-block-paragraph\">Una vez iniciado el desarrollo normal de la exposici\u00f3n, el s\u00e1bado por la ma\u00f1ana; las impresiones de nuestros compa\u00f1eros son muy positivas, remarcando el inter\u00e9s de los visitantes en los comentarios y explicaciones de los encargados , llegando incluso a anotar fechas para visitar las diferentes celebraciones de los distintos pueblos de la comarca. Tras todo esto s\u00f3lo nos queda dar la enhorabuena y  las gracias a todos por hacer Comarca.<\/p>\n","protected":false},"excerpt":{"rendered":"<div class=\"mh-excerpt\"><p>EX\u00cdTO EN LA INAUGURACI\u00d3N DE LA EXPOSICI\u00d3N DE \u00abLA COMARCA\u00bb El viernes siete de julio se produjo la inauguraci\u00f3n de la exposici\u00f3n de La Comarca. <a class=\"mh-excerpt-more\" href=\"https:\/\/www.noctivagos.com\/?p=2960\" title=\"EXPONOCT\u00cdVAGOS LA COMARCA\">[&#8230;]<\/a><\/p>\n<\/div>","protected":false},"author":4,"featured_media":2970,"comment_status":"closed","ping_status":"closed","sticky":true,"template":"","format":"standard","meta":{"_jetpack_newsletter_access":"","_jetpack_dont_email_post_to_subs":false,"_jetpack_newsletter_tier_id":0,"_jetpack_memberships_contains_paywalled_content":false,"_jetpack_feature_clip_id":0,"_jetpack_memberships_contains_paid_content":false,"footnotes":"","jetpack_publicize_message":"","jetpack_publicize_feature_enabled":true,"jetpack_social_post_already_shared":true,"jetpack_social_options":{"image_generator_settings":{"template":"highway","default_image_id":0,"font":"","enabled":false},"version":2},"jetpack_post_was_ever_published":false},"categories":[83,70],"tags":[148,78],"class_list":["post-2960","post","type-post","status-publish","format-standard","has-post-thumbnail","hentry","category-83","category-noctivagos-2023","tag-exposiciones","tag-noctivagos-2023"],"jetpack_publicize_connections":[],"jetpack_shortlink":"https:\/\/wp.me\/p6myW9-LK","jetpack_sharing_enabled":true,"jetpack_featured_media_url":"https:\/\/i0.wp.com\/www.noctivagos.com\/wp-content\/uploads\/2023\/07\/cartelxexpobisoklow-1-e1688825542362.jpg?fit=589%2C334&ssl=1","_links":{"self":[{"href":"https:\/\/www.noctivagos.com\/index.php?rest_route=\/wp\/v2\/posts\/2960","targetHints":{"allow":["GET"]}}],"collection":[{"href":"https:\/\/www.noctivagos.com\/index.php?rest_route=\/wp\/v2\/posts"}],"about":[{"href":"https:\/\/www.noctivagos.com\/index.php?rest_route=\/wp\/v2\/types\/post"}],"author":[{"embeddable":true,"href":"https:\/\/www.noctivagos.com\/index.php?rest_route=\/wp\/v2\/users\/4"}],"replies":[{"embeddable":true,"href":"https:\/\/www.noctivagos.com\/index.php?rest_route=%2Fwp%2Fv2%2Fcomments&post=2960"}],"version-history":[{"count":20,"href":"https:\/\/www.noctivagos.com\/index.php?rest_route=\/wp\/v2\/posts\/2960\/revisions"}],"predecessor-version":[{"id":3060,"href":"https:\/\/www.noctivagos.com\/index.php?rest_route=\/wp\/v2\/posts\/2960\/revisions\/3060"}],"wp:featuredmedia":[{"embeddable":true,"href":"https:\/\/www.noctivagos.com\/index.php?rest_route=\/wp\/v2\/media\/2970"}],"wp:attachment":[{"href":"https:\/\/www.noctivagos.com\/index.php?rest_route=%2Fwp%2Fv2%2Fmedia&parent=2960"}],"wp:term":[{"taxonomy":"category","embeddable":true,"href":"https:\/\/www.noctivagos.com\/index.php?rest_route=%2Fwp%2Fv2%2Fcategories&post=2960"},{"taxonomy":"post_tag","embeddable":true,"href":"https:\/\/www.noctivagos.com\/index.php?rest_route=%2Fwp%2Fv2%2Ftags&post=2960"}],"curies":[{"name":"wp","href":"https:\/\/api.w.org\/{rel}","templated":true}]}}