{"id":2993,"date":"2023-07-11T15:29:32","date_gmt":"2023-07-11T13:29:32","guid":{"rendered":"https:\/\/www.noctivagos.com\/?p=2993"},"modified":"2023-07-11T16:40:13","modified_gmt":"2023-07-11T14:40:13","slug":"presentacion-del-libro-elio-y-eloisa","status":"publish","type":"post","link":"https:\/\/www.noctivagos.com\/?p=2993","title":{"rendered":"PRESENTACI\u00d3N DEL LIBRO: ELIO Y ELOISA"},"content":{"rendered":"\n<p class=\"wp-block-paragraph\">Dentro del entorno del  I Festival Noct\u00edvagos se va a presentar al P\u00fablico este libro de Denis Rafter.<\/p>\n\n\n\n<p class=\"wp-block-paragraph\">Noct\u00edvagos organiza el evento y contar\u00e1 con la presencia de algunos de sus miembros en la presentaci\u00f3n.<\/p>\n\n\n\n<p class=\"wp-block-paragraph\" style=\"text-transform:capitalize\">LUGAR: <strong>Punto de Informaci\u00f3n tur\u00edstica de Oropesa<\/strong>, Calle Hospital 25.<\/p>\n\n\n\n<p class=\"wp-block-paragraph\">FECHA Y HORA: <strong>Viernes 14 de julio a las 20:00 h.<\/strong><\/p>\n\n\n\n<p class=\"wp-block-paragraph\">No dud\u00e9is en asistir para conocer detalles sobre esta interesante obra y su escritor, contados por Denis personalmente. El autor har\u00e1 entrega de algunos ejemplares como donaci\u00f3n para el Pueblo de Oropesa.<\/p>\n\n\n\n<p class=\"wp-block-paragraph\"><\/p>\n\n\n\n<figure class=\"wp-block-image size-large\"><img data-recalc-dims=\"1\" loading=\"lazy\" decoding=\"async\" width=\"724\" height=\"1024\" data-attachment-id=\"2994\" data-permalink=\"https:\/\/www.noctivagos.com\/?attachment_id=2994\" data-orig-file=\"https:\/\/i0.wp.com\/www.noctivagos.com\/wp-content\/uploads\/2023\/07\/Poster-Moderno-con-Collage-Editorial-en-Verde-y-Negro-sobre-Donacion-de-Libros-para-el-Dia-del-Libro.png?fit=1587%2C2245&amp;ssl=1\" data-orig-size=\"1587,2245\" data-comments-opened=\"0\" data-image-meta=\"{&quot;aperture&quot;:&quot;0&quot;,&quot;credit&quot;:&quot;&quot;,&quot;camera&quot;:&quot;&quot;,&quot;caption&quot;:&quot;&quot;,&quot;created_timestamp&quot;:&quot;0&quot;,&quot;copyright&quot;:&quot;&quot;,&quot;focal_length&quot;:&quot;0&quot;,&quot;iso&quot;:&quot;0&quot;,&quot;shutter_speed&quot;:&quot;0&quot;,&quot;title&quot;:&quot;&quot;,&quot;orientation&quot;:&quot;0&quot;}\" data-image-title=\"Poster-Moderno-con-Collage-Editorial-en-Verde-y-Negro-sobre-Donacion-de-Libros-para-el-Dia-del-Libro\" data-image-description=\"\" data-image-caption=\"\" data-large-file=\"https:\/\/i0.wp.com\/www.noctivagos.com\/wp-content\/uploads\/2023\/07\/Poster-Moderno-con-Collage-Editorial-en-Verde-y-Negro-sobre-Donacion-de-Libros-para-el-Dia-del-Libro.png?fit=724%2C1024&amp;ssl=1\" src=\"https:\/\/i0.wp.com\/www.noctivagos.com\/wp-content\/uploads\/2023\/07\/Poster-Moderno-con-Collage-Editorial-en-Verde-y-Negro-sobre-Donacion-de-Libros-para-el-Dia-del-Libro.png?resize=724%2C1024&#038;ssl=1\" alt=\"\" class=\"wp-image-2994\" srcset=\"https:\/\/i0.wp.com\/www.noctivagos.com\/wp-content\/uploads\/2023\/07\/Poster-Moderno-con-Collage-Editorial-en-Verde-y-Negro-sobre-Donacion-de-Libros-para-el-Dia-del-Libro.png?resize=724%2C1024&amp;ssl=1 724w, https:\/\/i0.wp.com\/www.noctivagos.com\/wp-content\/uploads\/2023\/07\/Poster-Moderno-con-Collage-Editorial-en-Verde-y-Negro-sobre-Donacion-de-Libros-para-el-Dia-del-Libro.png?resize=212%2C300&amp;ssl=1 212w, https:\/\/i0.wp.com\/www.noctivagos.com\/wp-content\/uploads\/2023\/07\/Poster-Moderno-con-Collage-Editorial-en-Verde-y-Negro-sobre-Donacion-de-Libros-para-el-Dia-del-Libro.png?resize=106%2C150&amp;ssl=1 106w, https:\/\/i0.wp.com\/www.noctivagos.com\/wp-content\/uploads\/2023\/07\/Poster-Moderno-con-Collage-Editorial-en-Verde-y-Negro-sobre-Donacion-de-Libros-para-el-Dia-del-Libro.png?resize=768%2C1086&amp;ssl=1 768w, https:\/\/i0.wp.com\/www.noctivagos.com\/wp-content\/uploads\/2023\/07\/Poster-Moderno-con-Collage-Editorial-en-Verde-y-Negro-sobre-Donacion-de-Libros-para-el-Dia-del-Libro.png?resize=1086%2C1536&amp;ssl=1 1086w, https:\/\/i0.wp.com\/www.noctivagos.com\/wp-content\/uploads\/2023\/07\/Poster-Moderno-con-Collage-Editorial-en-Verde-y-Negro-sobre-Donacion-de-Libros-para-el-Dia-del-Libro.png?resize=1448%2C2048&amp;ssl=1 1448w, https:\/\/i0.wp.com\/www.noctivagos.com\/wp-content\/uploads\/2023\/07\/Poster-Moderno-con-Collage-Editorial-en-Verde-y-Negro-sobre-Donacion-de-Libros-para-el-Dia-del-Libro.png?w=1587&amp;ssl=1 1587w\" sizes=\"auto, (max-width: 724px) 100vw, 724px\" \/><\/figure>\n","protected":false},"excerpt":{"rendered":"<div class=\"mh-excerpt\"><p>Dentro del entorno del I Festival Noct\u00edvagos se va a presentar al P\u00fablico este libro de Denis Rafter. Noct\u00edvagos organiza el evento y contar\u00e1 con <a class=\"mh-excerpt-more\" href=\"https:\/\/www.noctivagos.com\/?p=2993\" title=\"PRESENTACI\u00d3N DEL LIBRO: ELIO Y ELOISA\">[&#8230;]<\/a><\/p>\n<\/div>","protected":false},"author":4,"featured_media":2998,"comment_status":"closed","ping_status":"closed","sticky":true,"template":"","format":"standard","meta":{"_jetpack_newsletter_access":"","_jetpack_dont_email_post_to_subs":false,"_jetpack_newsletter_tier_id":0,"_jetpack_memberships_contains_paywalled_content":false,"_jetpack_feature_clip_id":0,"_jetpack_memberships_contains_paid_content":false,"footnotes":"","jetpack_publicize_message":"","jetpack_publicize_feature_enabled":true,"jetpack_social_post_already_shared":true,"jetpack_social_options":{"image_generator_settings":{"template":"highway","default_image_id":0,"font":"","enabled":false},"version":2},"jetpack_post_was_ever_published":false},"categories":[83,70],"tags":[150,149,78],"class_list":["post-2993","post","type-post","status-publish","format-standard","has-post-thumbnail","hentry","category-83","category-noctivagos-2023","tag-denis-rafter","tag-libros","tag-noctivagos-2023"],"jetpack_publicize_connections":[],"jetpack_shortlink":"https:\/\/wp.me\/p6myW9-Mh","jetpack_sharing_enabled":true,"jetpack_featured_media_url":"https:\/\/i0.wp.com\/www.noctivagos.com\/wp-content\/uploads\/2023\/07\/DENIS-RAFTER_Viernes-_02-scaled-1-e1688841147685.jpg?fit=500%2C340&ssl=1","_links":{"self":[{"href":"https:\/\/www.noctivagos.com\/index.php?rest_route=\/wp\/v2\/posts\/2993","targetHints":{"allow":["GET"]}}],"collection":[{"href":"https:\/\/www.noctivagos.com\/index.php?rest_route=\/wp\/v2\/posts"}],"about":[{"href":"https:\/\/www.noctivagos.com\/index.php?rest_route=\/wp\/v2\/types\/post"}],"author":[{"embeddable":true,"href":"https:\/\/www.noctivagos.com\/index.php?rest_route=\/wp\/v2\/users\/4"}],"replies":[{"embeddable":true,"href":"https:\/\/www.noctivagos.com\/index.php?rest_route=%2Fwp%2Fv2%2Fcomments&post=2993"}],"version-history":[{"count":3,"href":"https:\/\/www.noctivagos.com\/index.php?rest_route=\/wp\/v2\/posts\/2993\/revisions"}],"predecessor-version":[{"id":3006,"href":"https:\/\/www.noctivagos.com\/index.php?rest_route=\/wp\/v2\/posts\/2993\/revisions\/3006"}],"wp:featuredmedia":[{"embeddable":true,"href":"https:\/\/www.noctivagos.com\/index.php?rest_route=\/wp\/v2\/media\/2998"}],"wp:attachment":[{"href":"https:\/\/www.noctivagos.com\/index.php?rest_route=%2Fwp%2Fv2%2Fmedia&parent=2993"}],"wp:term":[{"taxonomy":"category","embeddable":true,"href":"https:\/\/www.noctivagos.com\/index.php?rest_route=%2Fwp%2Fv2%2Fcategories&post=2993"},{"taxonomy":"post_tag","embeddable":true,"href":"https:\/\/www.noctivagos.com\/index.php?rest_route=%2Fwp%2Fv2%2Ftags&post=2993"}],"curies":[{"name":"wp","href":"https:\/\/api.w.org\/{rel}","templated":true}]}}