{"id":302,"date":"2014-06-02T00:46:00","date_gmt":"2014-06-01T22:46:00","guid":{"rendered":"https:\/\/noctivagos.wordpress.com\/?p=302"},"modified":"2023-06-27T11:59:51","modified_gmt":"2023-06-27T09:59:51","slug":"audiodrama-colectivo","status":"publish","type":"post","link":"https:\/\/www.noctivagos.com\/?p=302","title":{"rendered":"AUDIODRAMA COLECTIVO"},"content":{"rendered":"<h3>Viernes &#8211; Plaza Vieja &#8211; 21:00h<\/h3>\n<p><img data-recalc-dims=\"1\" decoding=\"async\" class=\"entrada\" src=\"https:\/\/i0.wp.com\/www.noctivagos.com\/images\/companias\/audiodrama.png\" alt=\"Audiodrama\"><\/p>\n<p><b>Federico Volpini<\/b><\/p>\n<p>Escritor. Autor de cuentos, novelas, radioteatros, obtuvo en 1998 el Premio Italia a la mejor serie de ficci\u00f3n europea. Profesor de gui\u00f3n y realizaci\u00f3n en el Master de Radio de Rne y la Universidad Complutense de Madrid, de 1989 a 2009. Director de Radio 3 entre 1999 y 2003, lo es actualmente de Audiodrama Colectivo.<\/p>\n<p>Pinta en bastos.<\/p>\n<p><b>C\u00e9sar Gil<\/b><\/p>\n<p>Actor, director de teatro, profesor, guionista, fue Productor Ejecutivo de TVE. Premiado dos veces con la Antena de Oro de la Federaci\u00f3n Nacional de Profesionales de RTV, es Prix Futura Berl\u00edn en la categor\u00eda de Radio Drama, como guionista y director.<\/p>\n<p>Dirige la compa\u00f1\u00eda El Barrac\u00f3n, distinguida con los m\u00e1s importantes premios de teatro de la UCM.<\/p>\n<p><b>Isabel Ruiz Lara<\/b><\/p>\n<p>Dirige y presenta en Radio 3 el espacio semanal \u201cTres en la Carretera\u201d. All\u00ed fueron tambi\u00e9n: \u201cLa telara\u00f1a\u201d, \u201cUn espacio con jazz\u201d y \u201cEl Mono Tem\u00e1tico\u201d. Profesora de Gui\u00f3n, Realizaci\u00f3n y Creaci\u00f3n en el Master General de Radio de Rne y la Universidad Complutense de Madrid, de 2002 a 2009. Es la realizadora oficial para todas las propuestas de Audiodrama.<\/p>\n<p><b>Gemma Vent\u00edn<\/b><\/p>\n<p>Licenciada en periodismo por la Universidad Complutense de Madrid y doctora en Ciencias de la Informaci\u00f3n con la tesis: \u201cM\u00e1scaras en el aire: el teatro radiof\u00f3nico como lenguaje de un medio\u201d. Coordinadora de cursos, organizadora de Jornadas sobre Narrativa Radiof\u00f3nica, profesora en activo, nuestra conciencia te\u00f3rica: si no la tuvi\u00e9ramos con nosotros, habr\u00eda que inventarla.<\/p>\n<p><b>Manuel Camu\u00f1as<\/b><\/p>\n<p>Graduado en Comunicaci\u00f3n Audiovisual por la Universidad Rey Juan Carlos de Madrid. Form\u00f3 parte de la junta directiva de la Asociaci\u00f3n de Radio Universitaria de la Universidad Rey Juan Carlos. Ha escrito varios art\u00edculos de investigaci\u00f3n sobre aplicaciones interactivas de RTVE. Polemista encendido, entregado, fiable, es el coordinador de Audiodrama Colectivo y su alma t\u00e9cnica.<\/p>\n<p><b>\u00c1frica Egido<\/b><\/p>\n<p>De las que un diario calific\u00f3 \u201cLas carreras m\u00e1s in\u00fatiles\u201d se licenci\u00f3 en dos: la n\u00famero 1 (Periodismo) y la n\u00famero 7 (M\u00fasica). Desde el a\u00f1o 2000 ha compatibilizado su labor en prensa escrita con la radio generalista (dirigi\u00f3 y present\u00f3 \u201cProtagonistas Guadalajara\u201d en Punto Radio) y musical. Hoy busca \u201cCompa\u00f1eros de viaje\u201d en Rockola FM. Actriz por vocaci\u00f3n y porque todo el mundo se lo pide. Canta.<\/p>\n<p><b>Susana Paredes<\/b><\/p>\n<p>Licenciada en Periodismo por la Universidad Complutense de Madrid, ha desarrollado gran parte de su carrera profesional en el \u00e1mbito de la prensa escrita. Tambi\u00e9n ha colaborado en radios y medios digitales. Apasionada por la m\u00fasica, el cine y el teatro, forma parte del elenco de actores de Audiodrama con quienes intenta provocar emociones en cada representaci\u00f3n. Lo logra siempre.<\/p>\n<p><b>Elena G\u00f3mez Montoya<\/b><\/p>\n<p>Licenciada en Comunicaci\u00f3n Audiovisual y experta en g\u00e9nero, ha trabajado durante a\u00f1o y medio en la revista Artezblai, especializada en las artes esc\u00e9nicas. Como radio adicta ha trasteado durante tres a\u00f1os en el programa \u201cLa Transversal\u201d y en \u201cUn idioma sin fronteras\u201d, de Radio Nacional de Espa\u00f1a. Fracas\u00f3 en su vocaci\u00f3n de hero\u00edna de tebeo. Capaz de estar a gusto y bien en todos los papeles.<\/p>\n<p><b>Luis Garc\u00eda Guardiola<\/b><\/p>\n<p>Trabaja desde los quince a\u00f1os, con lo cual le ha dado tiempo a probar todo: vendedor, administrativo, alba\u00f1il\u2026 para algo ha de servir: se ha hecho su propia casa. Sin discutir con nadie. Tras cursar la carrera de Magisterio, se licenci\u00f3 en Comunicaci\u00f3n Audiovisual por la Universidad Complutense de Madrid. Escribe cuentos y poes\u00eda. Da clases de interpretaci\u00f3n. Viaja subido en Audiodrama.<\/p>\n<p><b>Adri\u00e1n Varela<\/b><\/p>\n<p>Licenciado en Periodismo, desarroll\u00f3 su vocaci\u00f3n culpable en prensa escrita hasta que la radio se cruz\u00f3 en su camino. Hizo el Master de Radio de RNE. En Radio Nacional trabaj\u00f3 en cultura, informativos y econom\u00eda. Pas\u00f3 a Radio Intereconom\u00eda. Actualmente mata el gusanillo como locutor a sueldo y redactor de fortuna. Si se lo encuentra, quiz\u00e1 pueda contratarlo. Actor, act\u00faa.<\/p>\n<p><b>Inocencio Mart\u00edn Ballesteros<\/b><\/p>\n<p>Inici\u00f3 su carrera poni\u00e9ndole botones a Radio Juventud de Espa\u00f1a. Hasta que alguien le oy\u00f3 dar un recado. Pasa a ser locutor y luego actor en el cuadro de la emisora. De all\u00ed, al cuadro de actores de Radio Nacional de Espa\u00f1a, donde permanece hasta su disoluci\u00f3n en los a\u00f1os 90. Es actor y profesor de doblaje. Narrador experimentado, cuenta mucho. Y mejor, cada d\u00eda que pasa.<\/p>\n<p><b>Luis Grand\u00edo<\/b><\/p>\n<p>Actor de doblaje. Locutor de publicidad y en series documentales y campa\u00f1as pol\u00edticas. Director y presentador de programas para Radio Cadena Espa\u00f1ola y en la emisora Radio Norte. Profesor de sonorizaci\u00f3n y doblaje. Director del Curso de Formaci\u00f3n de Directores de Doblaje en el Instituto Oficial de Radio Televisi\u00f3n, 1994. Gallego en tono grave. De voz. Imprime car\u00e1cter.<\/p>\n<p><b>Pablo Tejeda Rodilla<\/b><\/p>\n<p>Licenciado en comunicaci\u00f3n audiovisual por la Universidad Rey Juan Carlos de Madrid. Pr\u00edncipe Encantador en la ficci\u00f3n, en la vida real es, adem\u00e1s, Blanconieves, el Lobo y Ceniciento. Trabajado por Radio Nacional de Espa\u00f1a, entusiasta de cara y de sonrisa, cree fervientemente en el poder de la comunicaci\u00f3n. Tam tam no lleva, pero s\u00ed se\u00f1ales de humo, c\u00e1mara de v\u00eddeo y un espejo.<\/p>\n<p><b>Mar\u00eda Gento<\/b><\/p>\n<p>Actriz. Diplomada en Arte Dram\u00e1tico por Arte4, Estudio de Actores. Miembro de la C\u00eda Tres Minutos, ha participado en funciones como Atasco, Redemption, Hamlet o La Vida Es Sue\u00f1o. Entusiasta de la m\u00fasica, el teatro y los libros, sue\u00f1a con viajar en el Transiberiano y cruzar el estrecho de Bering hasta llegar al Polo Norte (le gusta dar vueltas). Aventurada feliz en las disparatadas historias de Audiodrama.<\/p>\n<p><b>SiOh<\/b><\/p>\n<p>Suenan atm\u00f3sferas electr\u00f3nicas que se funden con ambientes de la naturaleza. Una voz intensa completa la s\u00edntesis de algo realmente nuevo. Suena SiOh.<\/p>\n<p>D\u00fao madrile\u00f1o de m\u00fasica electr\u00f3nica. SiOh compone, adem\u00e1s, m\u00fasica incidental para radio-teatro. Son estrechos colaboradores de Audiodrama Colectivo. Intente usted pasar entre ellos y nosotros un cuchillo.<\/p>\n<p><a href=\"http:\/\/audiodramacolectivo.blogspot.com.es\/\" target=\"_blank\" rel=\"noopener\">WEB<\/a><\/p>\n","protected":false},"excerpt":{"rendered":"<div class=\"mh-excerpt\"><p>Viernes &#8211; Plaza Vieja &#8211; 21:00h Federico Volpini Escritor. Autor de cuentos, novelas, radioteatros, obtuvo en 1998 el Premio Italia a la mejor serie de <a class=\"mh-excerpt-more\" href=\"https:\/\/www.noctivagos.com\/?p=302\" title=\"AUDIODRAMA COLECTIVO\">[&#8230;]<\/a><\/p>\n<\/div>","protected":false},"author":2,"featured_media":291,"comment_status":"open","ping_status":"open","sticky":false,"template":"","format":"standard","meta":{"_jetpack_memberships_contains_paid_content":false,"footnotes":"","jetpack_publicize_message":"","jetpack_publicize_feature_enabled":true,"jetpack_social_post_already_shared":true,"jetpack_social_options":{"image_generator_settings":{"template":"highway","default_image_id":0,"font":"","enabled":false},"version":2}},"categories":[21,42],"tags":[],"class_list":["post-302","post","type-post","status-publish","format-standard","has-post-thumbnail","hentry","category-noctivagos-2014","category-otras-ediciones"],"jetpack_publicize_connections":[],"jetpack_featured_media_url":"https:\/\/i0.wp.com\/www.noctivagos.com\/wp-content\/uploads\/2015\/04\/audiodrama.png?fit=600%2C600&ssl=1","jetpack_shortlink":"https:\/\/wp.me\/p6myW9-4S","jetpack_sharing_enabled":true,"_links":{"self":[{"href":"https:\/\/www.noctivagos.com\/index.php?rest_route=\/wp\/v2\/posts\/302","targetHints":{"allow":["GET"]}}],"collection":[{"href":"https:\/\/www.noctivagos.com\/index.php?rest_route=\/wp\/v2\/posts"}],"about":[{"href":"https:\/\/www.noctivagos.com\/index.php?rest_route=\/wp\/v2\/types\/post"}],"author":[{"embeddable":true,"href":"https:\/\/www.noctivagos.com\/index.php?rest_route=\/wp\/v2\/users\/2"}],"replies":[{"embeddable":true,"href":"https:\/\/www.noctivagos.com\/index.php?rest_route=%2Fwp%2Fv2%2Fcomments&post=302"}],"version-history":[{"count":3,"href":"https:\/\/www.noctivagos.com\/index.php?rest_route=\/wp\/v2\/posts\/302\/revisions"}],"predecessor-version":[{"id":2837,"href":"https:\/\/www.noctivagos.com\/index.php?rest_route=\/wp\/v2\/posts\/302\/revisions\/2837"}],"wp:featuredmedia":[{"embeddable":true,"href":"https:\/\/www.noctivagos.com\/index.php?rest_route=\/wp\/v2\/media\/291"}],"wp:attachment":[{"href":"https:\/\/www.noctivagos.com\/index.php?rest_route=%2Fwp%2Fv2%2Fmedia&parent=302"}],"wp:term":[{"taxonomy":"category","embeddable":true,"href":"https:\/\/www.noctivagos.com\/index.php?rest_route=%2Fwp%2Fv2%2Fcategories&post=302"},{"taxonomy":"post_tag","embeddable":true,"href":"https:\/\/www.noctivagos.com\/index.php?rest_route=%2Fwp%2Fv2%2Ftags&post=302"}],"curies":[{"name":"wp","href":"https:\/\/api.w.org\/{rel}","templated":true}]}}