{"id":3948,"date":"2024-07-27T19:45:41","date_gmt":"2024-07-27T17:45:41","guid":{"rendered":"https:\/\/www.noctivagos.com\/?p=3948"},"modified":"2024-07-27T19:46:50","modified_gmt":"2024-07-27T17:46:50","slug":"ii-festival-noctivagos-fin-de-semana-27jul","status":"publish","type":"post","link":"https:\/\/www.noctivagos.com\/?p=3948","title":{"rendered":"II FESTIVAL NOCT\u00cdVAGOS  FIN DE SEMANA (27JUL)"},"content":{"rendered":"\n<p class=\"has-text-align-justify wp-block-paragraph\">Dentro de la programaci\u00f3n del II Festival de Teatro en la Calle Noct\u00edvagos 2024 te ofrecemos un gran encuentro con la cultura. Tenemos la esperanza de que sea de tu agrado y contar con tu presencia entre nosotros.<\/p>\n\n\n\n<p class=\"wp-block-paragraph\">La Plaza de Calzada, esta noche,  va a ser un escenario de teatro. Noct\u00edvagos sigue apostando por hacer teatro en La Comarca, y esta vez es el Ayuntamiento de Calzada el que ha querido participar. <\/p>\n\n\n\n<p class=\"wp-block-paragraph\">Noct\u00edvagos te invita a ser parte de esta maravillosa velada teatral. Ven y d\u00e9jate llevar por la magia del teatro al aire libre. Ya seas un amante del teatro, un curioso visitante o alguien que simplemente busca una noche diferente, esta representaci\u00f3n te ofrecer\u00e1 una experiencia rica en cultura y emoci\u00f3n.<\/p>\n\n\n\n<h4 class=\"wp-block-heading\"><strong>\u00a1Nos vemos en La Plaza de Calzada de Oropesa para celebrar el teatro bajo las estrellas!<\/strong><\/h4>\n\n\n\n<p class=\"has-text-align-right has-large-font-size wp-block-paragraph\"><strong>S\u00c1BADO 27 DE JULIO<\/strong><\/p>\n\n\n\n<p class=\"has-text-align-center has-medium-font-size wp-block-paragraph\"><strong>PLAZA DE CALZADA DE OROPESA 22:30 H<\/strong><\/p>\n\n\n\n<figure class=\"wp-block-image size-large\"><img data-recalc-dims=\"1\" height=\"1024\" width=\"724\" decoding=\"async\" data-attachment-id=\"3949\" data-permalink=\"https:\/\/www.noctivagos.com\/?attachment_id=3949\" data-orig-file=\"https:\/\/i0.wp.com\/www.noctivagos.com\/wp-content\/uploads\/2024\/07\/CALZADA-LOS-VIGILANTES-DE-LA-OBRA-2024--e1722102399808.png?fit=1413%2C1233&amp;ssl=1\" data-orig-size=\"1413,1233\" data-comments-opened=\"0\" data-image-meta=\"{&quot;aperture&quot;:&quot;0&quot;,&quot;credit&quot;:&quot;&quot;,&quot;camera&quot;:&quot;&quot;,&quot;caption&quot;:&quot;&quot;,&quot;created_timestamp&quot;:&quot;0&quot;,&quot;copyright&quot;:&quot;&quot;,&quot;focal_length&quot;:&quot;0&quot;,&quot;iso&quot;:&quot;0&quot;,&quot;shutter_speed&quot;:&quot;0&quot;,&quot;title&quot;:&quot;&quot;,&quot;orientation&quot;:&quot;0&quot;}\" data-image-title=\"CALZADA-LOS-VIGILANTES-DE-LA-OBRA-2024-\" data-image-description=\"\" data-image-caption=\"\" data-large-file=\"https:\/\/i0.wp.com\/www.noctivagos.com\/wp-content\/uploads\/2024\/07\/CALZADA-LOS-VIGILANTES-DE-LA-OBRA-2024--e1722102399808.png?fit=1024%2C894&amp;ssl=1\" src=\"https:\/\/i0.wp.com\/www.noctivagos.com\/wp-content\/uploads\/2024\/07\/CALZADA-LOS-VIGILANTES-DE-LA-OBRA-2024-.png?resize=724%2C1024&#038;ssl=1\" alt=\"\" class=\"wp-image-3949\"\/><\/figure>\n","protected":false},"excerpt":{"rendered":"<div class=\"mh-excerpt\"><p>Dentro de la programaci\u00f3n del II Festival de Teatro en la Calle Noct\u00edvagos 2024 te ofrecemos un gran encuentro con la cultura. Tenemos la esperanza <a class=\"mh-excerpt-more\" href=\"https:\/\/www.noctivagos.com\/?p=3948\" title=\"II FESTIVAL NOCT\u00cdVAGOS  FIN DE SEMANA (27JUL)\">[&#8230;]<\/a><\/p>\n<\/div>","protected":false},"author":4,"featured_media":3949,"comment_status":"closed","ping_status":"closed","sticky":false,"template":"","format":"standard","meta":{"_jetpack_newsletter_access":"","_jetpack_dont_email_post_to_subs":false,"_jetpack_newsletter_tier_id":0,"_jetpack_memberships_contains_paywalled_content":false,"_jetpack_feature_clip_id":0,"_jetpack_memberships_contains_paid_content":false,"footnotes":"","jetpack_publicize_message":"","jetpack_publicize_feature_enabled":true,"jetpack_social_post_already_shared":true,"jetpack_social_options":{"image_generator_settings":{"template":"highway","default_image_id":0,"font":"","enabled":false},"version":2},"jetpack_post_was_ever_published":false},"categories":[180,169,193,23],"tags":[101,194,171,27],"class_list":["post-3948","post","type-post","status-publish","format-standard","has-post-thumbnail","hentry","category-180","category-noctivagos-2024","category-obras-ii-festival","category-programacion","tag-castillo","tag-ii-festival","tag-noctivagos-2024","tag-programacion"],"jetpack_publicize_connections":[],"jetpack_shortlink":"https:\/\/wp.me\/p6myW9-11G","jetpack_sharing_enabled":true,"jetpack_featured_media_url":"https:\/\/i0.wp.com\/www.noctivagos.com\/wp-content\/uploads\/2024\/07\/CALZADA-LOS-VIGILANTES-DE-LA-OBRA-2024--e1722102399808.png?fit=1413%2C1233&ssl=1","_links":{"self":[{"href":"https:\/\/www.noctivagos.com\/index.php?rest_route=\/wp\/v2\/posts\/3948","targetHints":{"allow":["GET"]}}],"collection":[{"href":"https:\/\/www.noctivagos.com\/index.php?rest_route=\/wp\/v2\/posts"}],"about":[{"href":"https:\/\/www.noctivagos.com\/index.php?rest_route=\/wp\/v2\/types\/post"}],"author":[{"embeddable":true,"href":"https:\/\/www.noctivagos.com\/index.php?rest_route=\/wp\/v2\/users\/4"}],"replies":[{"embeddable":true,"href":"https:\/\/www.noctivagos.com\/index.php?rest_route=%2Fwp%2Fv2%2Fcomments&post=3948"}],"version-history":[{"count":1,"href":"https:\/\/www.noctivagos.com\/index.php?rest_route=\/wp\/v2\/posts\/3948\/revisions"}],"predecessor-version":[{"id":3950,"href":"https:\/\/www.noctivagos.com\/index.php?rest_route=\/wp\/v2\/posts\/3948\/revisions\/3950"}],"wp:featuredmedia":[{"embeddable":true,"href":"https:\/\/www.noctivagos.com\/index.php?rest_route=\/wp\/v2\/media\/3949"}],"wp:attachment":[{"href":"https:\/\/www.noctivagos.com\/index.php?rest_route=%2Fwp%2Fv2%2Fmedia&parent=3948"}],"wp:term":[{"taxonomy":"category","embeddable":true,"href":"https:\/\/www.noctivagos.com\/index.php?rest_route=%2Fwp%2Fv2%2Fcategories&post=3948"},{"taxonomy":"post_tag","embeddable":true,"href":"https:\/\/www.noctivagos.com\/index.php?rest_route=%2Fwp%2Fv2%2Ftags&post=3948"}],"curies":[{"name":"wp","href":"https:\/\/api.w.org\/{rel}","templated":true}]}}