{"id":4676,"date":"2025-06-04T23:57:20","date_gmt":"2025-06-04T21:57:20","guid":{"rendered":"https:\/\/www.noctivagos.com\/?p=4676"},"modified":"2025-06-05T00:12:44","modified_gmt":"2025-06-04T22:12:44","slug":"cartel-xv-edicion-2","status":"publish","type":"post","link":"https:\/\/www.noctivagos.com\/?p=4676","title":{"rendered":"CARTEL XVI EDICI\u00d3N"},"content":{"rendered":"\n<p>\u00a1Bienvenidos a la presentaci\u00f3n del cartel oficial del XVI Certamen de Teatro Noct\u00edvagos, 2025! Cada a\u00f1o, este certamen celebra el arte del teatro con un enfoque especial. Este a\u00f1o, nos enorgullece anunciar que el tema ser\u00e1 <strong>\u00abMayores\u00bb<\/strong>.<\/p>\n\n\n\n<p>Este a\u00f1o, rendimos homenaje a quienes atesoran la memoria de los pueblos, los guardianes de los recuerdos, los que caminan despacio pero con pasos firmes: nuestros mayores.<\/p>\n\n\n\n<p>Porque el teatro tambi\u00e9n es tiempo, ra\u00edces, experiencia y sabidur\u00eda.<\/p>\n\n\n\n<p>\ud83c\udfa8 Cartel oficial de la mano del artista Jos\u00e9 Dami\u00e1n Pecci (@pecci_design), que llena de color, respeto y ternura esta XVI edici\u00f3n.<\/p>\n\n\n\n<p>Volver a los or\u00edgenes a trav\u00e9s de un dise\u00f1o en el que la noche cobra relevancia gracias a una textura de papel, la misma de la que est\u00e1n hechas las estatuas de los Noct\u00edvagos que durante estos d\u00edas decoran las calles de Oropesa.<\/p>\n\n\n\n<p>Un contexto formado por las tres localizaciones y elementos m\u00e1s importantes del certamen: patio del Castillo, Plaza de la Iglesia (escenario principal) y Paseo Alto. Todo ello realizado a trav\u00e9s de ilustraciones y colores que representan las emociones del espectador en contraste con la noche, y sostenido y acogido por la luz c\u00e1lida de las farolas, que mantienen encendida la luz del encuentro, la compresi\u00f3n y la esperanza.<\/p>\n\n\n\n<p>Los protagonistas de esta edici\u00f3n son las personas mayores y la importancia que tiene la actividad teatral en sus vidas, ya sea como espectadores o desde la propia interpretaci\u00f3n. Para ellos va este humilde homenaje lleno de afecto, esperanza e ilusi\u00f3n.<\/p>\n\n\n\n<p>\u2018Para m\u00ed Noct\u00edvagos es algo m\u00e1s que un Certamen Internacional de Teatro en la calle\u2026 Es una experiencia que vivo y comparto en familia desde hace 16 ediciones. Es una mezcla de nostalgia de las noches de verano de mi infancia, de cultura y tradici\u00f3n del presente. Es un escenario en el que el tiempo se detiene, el espectador se hace protagonista, los sentidos se agudizan y las emociones se convierten en arte.\u2019 (Jos\u00e9 Dami\u00e1n Pecci)<\/p>\n\n\n\n<p>\u00a1Reserva las fechas, vive el teatro en la calle y celebra con nosotros la vida y el arte!<\/p>\n\n\n\n<p><\/p>\n\n\n\n<figure class=\"wp-block-image size-large\"><img data-recalc-dims=\"1\" height=\"1024\" width=\"851\" decoding=\"async\" data-attachment-id=\"4677\" data-permalink=\"https:\/\/www.noctivagos.com\/?attachment_id=4677\" data-orig-file=\"https:\/\/i0.wp.com\/www.noctivagos.com\/wp-content\/uploads\/2025\/06\/noctivagos_2025_post-scaled-e1749074766124.jpg?fit=1627%2C840&amp;ssl=1\" data-orig-size=\"1627,840\" data-comments-opened=\"0\" data-image-meta=\"{&quot;aperture&quot;:&quot;0&quot;,&quot;credit&quot;:&quot;&quot;,&quot;camera&quot;:&quot;&quot;,&quot;caption&quot;:&quot;&quot;,&quot;created_timestamp&quot;:&quot;0&quot;,&quot;copyright&quot;:&quot;&quot;,&quot;focal_length&quot;:&quot;0&quot;,&quot;iso&quot;:&quot;0&quot;,&quot;shutter_speed&quot;:&quot;0&quot;,&quot;title&quot;:&quot;&quot;,&quot;orientation&quot;:&quot;0&quot;}\" data-image-title=\"noctivagos_2025_post\" data-image-description=\"\" data-image-caption=\"\" data-large-file=\"https:\/\/i0.wp.com\/www.noctivagos.com\/wp-content\/uploads\/2025\/06\/noctivagos_2025_post-scaled-e1749074766124.jpg?fit=1024%2C529&amp;ssl=1\" src=\"https:\/\/i0.wp.com\/www.noctivagos.com\/wp-content\/uploads\/2025\/06\/noctivagos_2025_post.jpg?resize=851%2C1024&#038;ssl=1\" alt=\"\" class=\"wp-image-4677\"\/><\/figure>\n\n\n\n<p style=\"font-style:italic;font-weight:300\"><\/p>\n\n\n\n<p>Nos vemos en Oropesa de Toledo<strong> los d\u00edas 4,5 y 6 de julio de 2025<\/strong> para celebrar la sabidur\u00eda y la experiencia.<\/p>\n\n\n\n<p>Esperamos que os guste nuestro cartel, un a\u00f1o m\u00e1s.<\/p>\n\n\n\n<p><strong>\u00a1No te lo pierdas!<\/strong><\/p>\n\n\n\n<p><\/p>\n","protected":false},"excerpt":{"rendered":"<div class=\"mh-excerpt\"><p>\u00a1Bienvenidos a la presentaci\u00f3n del cartel oficial del XVI Certamen de Teatro Noct\u00edvagos, 2025! Cada a\u00f1o, este certamen celebra el arte del teatro con un <a class=\"mh-excerpt-more\" href=\"https:\/\/www.noctivagos.com\/?p=4676\" title=\"CARTEL XVI EDICI\u00d3N\">[&#8230;]<\/a><\/p>\n<\/div>","protected":false},"author":4,"featured_media":4677,"comment_status":"closed","ping_status":"closed","sticky":true,"template":"","format":"standard","meta":{"_jetpack_memberships_contains_paid_content":false,"footnotes":"","jetpack_publicize_message":"","jetpack_publicize_feature_enabled":true,"jetpack_social_post_already_shared":true,"jetpack_social_options":{"image_generator_settings":{"template":"highway","default_image_id":0,"font":"","enabled":false},"version":2}},"categories":[200,80,199,5],"tags":[203,28,206],"class_list":["post-4676","post","type-post","status-publish","format-standard","has-post-thumbnail","hentry","category-200","category-descargas","category-noctivagos-2025","category-noticias","tag-203","tag-cartel","tag-xvi-edicion"],"jetpack_publicize_connections":[],"jetpack_featured_media_url":"https:\/\/i0.wp.com\/www.noctivagos.com\/wp-content\/uploads\/2025\/06\/noctivagos_2025_post-scaled-e1749074766124.jpg?fit=1627%2C840&ssl=1","jetpack_shortlink":"https:\/\/wp.me\/p6myW9-1dq","jetpack_sharing_enabled":true,"_links":{"self":[{"href":"https:\/\/www.noctivagos.com\/index.php?rest_route=\/wp\/v2\/posts\/4676","targetHints":{"allow":["GET"]}}],"collection":[{"href":"https:\/\/www.noctivagos.com\/index.php?rest_route=\/wp\/v2\/posts"}],"about":[{"href":"https:\/\/www.noctivagos.com\/index.php?rest_route=\/wp\/v2\/types\/post"}],"author":[{"embeddable":true,"href":"https:\/\/www.noctivagos.com\/index.php?rest_route=\/wp\/v2\/users\/4"}],"replies":[{"embeddable":true,"href":"https:\/\/www.noctivagos.com\/index.php?rest_route=%2Fwp%2Fv2%2Fcomments&post=4676"}],"version-history":[{"count":4,"href":"https:\/\/www.noctivagos.com\/index.php?rest_route=\/wp\/v2\/posts\/4676\/revisions"}],"predecessor-version":[{"id":4686,"href":"https:\/\/www.noctivagos.com\/index.php?rest_route=\/wp\/v2\/posts\/4676\/revisions\/4686"}],"wp:featuredmedia":[{"embeddable":true,"href":"https:\/\/www.noctivagos.com\/index.php?rest_route=\/wp\/v2\/media\/4677"}],"wp:attachment":[{"href":"https:\/\/www.noctivagos.com\/index.php?rest_route=%2Fwp%2Fv2%2Fmedia&parent=4676"}],"wp:term":[{"taxonomy":"category","embeddable":true,"href":"https:\/\/www.noctivagos.com\/index.php?rest_route=%2Fwp%2Fv2%2Fcategories&post=4676"},{"taxonomy":"post_tag","embeddable":true,"href":"https:\/\/www.noctivagos.com\/index.php?rest_route=%2Fwp%2Fv2%2Ftags&post=4676"}],"curies":[{"name":"wp","href":"https:\/\/api.w.org\/{rel}","templated":true}]}}